{"id":69809,"date":"2025-01-22T11:16:53","date_gmt":"2025-01-22T14:16:53","guid":{"rendered":"https:\/\/sectorprensa.com.ar\/?p=69809"},"modified":"2025-01-22T11:16:53","modified_gmt":"2025-01-22T14:16:53","slug":"bienvenido-carnaval-en-ituzaingo-una-muestra-para-visitar","status":"publish","type":"post","link":"https:\/\/sectorprensa.com.ar\/?p=69809","title":{"rendered":"\u201cBienvenido Carnaval\u201d en Ituzaing\u00f3: una muestra para visitar"},"content":{"rendered":"\n<h6 class=\"wp-block-heading\"><strong>La exposici\u00f3n presentar\u00e1 una variedad de elementos que capturan la esencia de esta fiesta popular, como fotograf\u00edas, estandartes, canciones, vestimentas e instrumentos tradicionales. Ser\u00e1 del 24 al 31 de enero en el Centro Cultural Ituzaing\u00f3.<\/strong><\/h6>\n\n\n\n<p>El Municipio de Ituzaing\u00f3 invita a sus vecinos a la muestra \u201cBienvenido Carnaval\u201d, en el Centro Cultural Ituzaing\u00f3 (Gral. Mansilla 893), del 24 al 31 de enero.<\/p>\n\n\n\n<p>La exposici\u00f3n presentar\u00e1 una variedad de elementos que capturan la esencia de esta fiesta popular, como fotograf\u00edas, estandartes, canciones, vestimentas e instrumentos tradicionales. Cada pieza ofrecer\u00e1 una inmersi\u00f3n en el vibrante mundo del carnaval, revelando su profundo valor hist\u00f3rico y su influencia en la identidad cultural local.<\/p>\n\n\n\n<p><strong>Cierre murguero al aire libre<\/strong><\/p>\n\n\n\n<p>La Plaza 20 de Febrero (Soler y Zufriategui) ser\u00e1 escenario del cierre de la muestra \u201cBienvenido Carnaval\u201d, el viernes 31, desde las 18:00 horas, con la presentaci\u00f3n de murgas locales y un final musical a cargo de la banda murguera \u201cPlatos Voladores\u201d.<\/p>\n\n\n\n<p><strong>Conoc\u00e9 el cronograma completo de actividades:<\/strong><\/p>\n\n\n\n<ul class=\"wp-block-list\">\n<li>18:50 horas &#8211; Los amantes del arrabal<\/li>\n\n\n\n<li>19:30 horas &#8211; Los, las, les que quedamos<\/li>\n\n\n\n<li>20:10 horas &#8211; Los incorregibles<\/li>\n\n\n\n<li>20:40 horas &#8211; Comparsa sol de luna<\/li>\n\n\n\n<li>21:00 horas &#8211; Platos voladores (banda murguera)<\/li>\n<\/ul>\n\n\n\n<figure class=\"wp-block-embed is-type-wp-embed is-provider-sector-prensa wp-block-embed-sector-prensa\"><div class=\"wp-block-embed__wrapper\">\n<blockquote class=\"wp-embedded-content\" data-secret=\"fEvkgyGBVD\"><a href=\"https:\/\/sectorprensa.com.ar\/?p=69552\">Viv\u00ed el verano en Ituzaing\u00f3: los fines de semana disfrut\u00e1 la pileta en La Torcaza<\/a><\/blockquote><iframe loading=\"lazy\" class=\"wp-embedded-content\" sandbox=\"allow-scripts\" security=\"restricted\" style=\"position: absolute; clip: rect(1px, 1px, 1px, 1px);\" title=\"\u00abViv\u00ed el verano en Ituzaing\u00f3: los fines de semana disfrut\u00e1 la pileta en La Torcaza\u00bb \u2014 Sector Prensa\" src=\"https:\/\/sectorprensa.com.ar\/?p=69552&#038;embed=true#?secret=fP0weNH8qm#?secret=fEvkgyGBVD\" data-secret=\"fEvkgyGBVD\" width=\"600\" height=\"338\" frameborder=\"0\" marginwidth=\"0\" marginheight=\"0\" scrolling=\"no\"><\/iframe>\n<\/div><\/figure>\n","protected":false},"excerpt":{"rendered":"<p>La exposici\u00f3n presentar\u00e1 una variedad de elementos que capturan la esencia de esta fiesta popular, como fotograf\u00edas, estandartes, canciones, vestimentas<\/p>\n","protected":false},"author":6,"featured_media":69810,"comment_status":"closed","ping_status":"closed","sticky":false,"template":"","format":"standard","meta":{"colormag_page_container_layout":"default_layout","colormag_page_sidebar_layout":"default_layout","footnotes":""},"categories":[17,4,1173,10],"tags":[],"class_list":["post-69809","post","type-post","status-publish","format-standard","has-post-thumbnail","hentry","category-destacadas","category-ituzaingo","category-municipales","category-sociedad"],"_links":{"self":[{"href":"https:\/\/sectorprensa.com.ar\/index.php?rest_route=\/wp\/v2\/posts\/69809","targetHints":{"allow":["GET"]}}],"collection":[{"href":"https:\/\/sectorprensa.com.ar\/index.php?rest_route=\/wp\/v2\/posts"}],"about":[{"href":"https:\/\/sectorprensa.com.ar\/index.php?rest_route=\/wp\/v2\/types\/post"}],"author":[{"embeddable":true,"href":"https:\/\/sectorprensa.com.ar\/index.php?rest_route=\/wp\/v2\/users\/6"}],"replies":[{"embeddable":true,"href":"https:\/\/sectorprensa.com.ar\/index.php?rest_route=%2Fwp%2Fv2%2Fcomments&post=69809"}],"version-history":[{"count":1,"href":"https:\/\/sectorprensa.com.ar\/index.php?rest_route=\/wp\/v2\/posts\/69809\/revisions"}],"predecessor-version":[{"id":69811,"href":"https:\/\/sectorprensa.com.ar\/index.php?rest_route=\/wp\/v2\/posts\/69809\/revisions\/69811"}],"wp:featuredmedia":[{"embeddable":true,"href":"https:\/\/sectorprensa.com.ar\/index.php?rest_route=\/wp\/v2\/media\/69810"}],"wp:attachment":[{"href":"https:\/\/sectorprensa.com.ar\/index.php?rest_route=%2Fwp%2Fv2%2Fmedia&parent=69809"}],"wp:term":[{"taxonomy":"category","embeddable":true,"href":"https:\/\/sectorprensa.com.ar\/index.php?rest_route=%2Fwp%2Fv2%2Fcategories&post=69809"},{"taxonomy":"post_tag","embeddable":true,"href":"https:\/\/sectorprensa.com.ar\/index.php?rest_route=%2Fwp%2Fv2%2Ftags&post=69809"}],"curies":[{"name":"wp","href":"https:\/\/api.w.org\/{rel}","templated":true}]}}