{"id":69812,"date":"2025-01-22T11:17:04","date_gmt":"2025-01-22T14:17:04","guid":{"rendered":"https:\/\/sectorprensa.com.ar\/?p=69812"},"modified":"2025-01-22T11:17:05","modified_gmt":"2025-01-22T14:17:05","slug":"la-provincia-comienza-a-aplicar-la-segunda-dosis-de-la-vacuna-contra-el-dengue","status":"publish","type":"post","link":"https:\/\/sectorprensa.com.ar\/?p=69812","title":{"rendered":"La Provincia comienza a aplicar la segunda dosis de la vacuna contra el dengue"},"content":{"rendered":"\n<h6 class=\"wp-block-heading\"><strong>Ya se enviaron los turnos a las personas que cumplieron tres meses desde su primera aplicaci\u00f3n. Insisten en que es clave mantener el descacharrado todo el a\u00f1o.<\/strong><\/h6>\n\n\n\n<p>A partir de este mi\u00e9rcoles, el gobierno de la Provincia de Buenos Aires comenzar\u00e1 a aplicar la segunda dosis de la vacuna contra el dengue. El ministerio de Salud bonaerense convoc\u00f3, v\u00eda correo electr\u00f3nico, a todas las personas que tuvieron la enfermedad, que se aplicaron la primera dosis hace al menos tres meses y que re\u00fanen las condiciones de recibir la segunda aplicaci\u00f3n.\u00a0\u00a0\u00a0<\/p>\n\n\n\n<p>La vacuna, como se inform\u00f3, est\u00e1 dirigida a personas que tuvieron dengue, que tienen entre 15 y 59 a\u00f1os de edad y residen en municipios de la Provincia de Buenos Aires. Desde la cartera sanitaria bonaerense recordaron que est\u00e1 contraindicada durante el embarazo y lactancia, y en personas inmunocomprometidas o en tratamiento con quimioterapia o corticoides a altas dosis.<\/p>\n\n\n\n<p>Por lo tanto, quienes hayan recibido el correo y re\u00fanan las condiciones de aplicaci\u00f3n podr\u00e1n concurrir al&nbsp;<a href=\"https:\/\/www.ms.gba.gov.ar\/sitios\/repositorio\/wp-content\/uploads\/sites\/253\/2024\/10\/VACUNATORIOS-DENGUE-2024-2025-1.pdf\" target=\"_blank\" rel=\"noreferrer noopener\">VACUNATORIO&nbsp;DENGUE<\/a>&nbsp;m\u00e1s cercano a su domicilio para completar la inmunizaci\u00f3n. Las evidencias actuales indican que es necesario recibir las dos dosis de la vacuna para alcanzar la protecci\u00f3n adecuada, por lo que es importante completar el esquema de vacunaci\u00f3n y as\u00ed evitar contraer las formas m\u00e1s graves de la enfermedad.<\/p>\n\n\n\n<p>Por otra parte, la Provincia contin\u00faa con la vacunaci\u00f3n de primera dosis para aquellas personas que a\u00fan no la recibieron. Se encuentra abierta la inscripci\u00f3n voluntaria de personas que tuvieron dengue y no han sido convocadas a\u00fan, en el sitio web https:\/\/www.ms.gba.gov.ar\/sitios\/misalud\/.&nbsp;<\/p>\n\n\n\n<p><strong>Descacharrar todo el a\u00f1o<\/strong><\/p>\n\n\n\n<p>Desde el gobierno bonaerense insisten, tambi\u00e9n, en que el eje de la prevenci\u00f3n pasa por el descacharrado en los hogares, es decir, las tareas que todos y todas debemos realizar en nuestros hogares, patios, jardines y alrededores de las casas para evitar que el mosquito Aedes Aegypti, transmisor del dengue, zika y chikungunya se reproduzca.<\/p>\n\n\n\n<p>Esas acciones forman parte de la campa\u00f1a provincial que insiste en cuatro tareas b\u00e1sicas: \u201cTapa, lav\u00e1, tira y gir\u00e1\u201d. Estas acciones implican eliminar todos los objetos que pueden acumular agua y ser, por lo tanto, criaderos del mosquito. Incluyen tapar tanques, tachos y dep\u00f3sitos que puedan acumular agua. Lavar con cepillo o esponja los recipientes, canaletas y desag\u00fces para desprender los huevos de mosquito. Tirar todos los recipientes en desuso, mantener los patios y jardines limpios, y las cubiertas de autom\u00f3viles bajo techo. Y girar todos los elementos que puedan acumular agua: vaciar baldes, colectores de aire acondicionado y porta macetas, cada vez que llueva.<\/p>\n\n\n\n<p>Hasta el momento, no se registran brotes en la Provincia. Entre el 23 de junio de 2024 y el 11 de enero de 2025 se notificaron 3.137 casos compatibles con dengue de los cuales 16 fueron confirmados. Del total de confirmados, 6 son aut\u00f3ctonos, 8 importados y 2 contin\u00faan en investigaci\u00f3n.<\/p>\n\n\n\n<p>Durante la temporada 2023-2024, que se extendi\u00f3 desde el 27 de julio de 2023 hasta la tercera semana de junio de 2024 se notificaron 118.929 casos positivos confirmados. Del total de positivos, el 97,6 % de los casos fueron aut\u00f3ctonos. El pico se alcanz\u00f3 en la tercera semana de marzo. En cuanto a la gravedad de los casos, desde la cartera sanitaria bonaerense detallaron que se registraron 7.794 internaciones, de ellas 444 requirieron cuidados intensivos y se notificaron 101 casos fallecidos.&nbsp;<\/p>\n\n\n\n<p>El dengue es una enfermedad que se transmite por la picadura del mosquito Aedes aegypti. Cuando una hembra se alimenta de sangre de una persona enferma de dengue adquiere el virus y, al picar a otras personas lo transmite, es decir que el contagio solo se produce por la picadura del mosquito, no hay contagio de persona a persona. Para m\u00e1s informaci\u00f3n, ingresar a www.gba.gob.ar\/dengue o llamar al 148.<\/p>\n\n\n\n<figure class=\"wp-block-embed is-type-wp-embed is-provider-sector-prensa wp-block-embed-sector-prensa\"><div class=\"wp-block-embed__wrapper\">\n<blockquote class=\"wp-embedded-content\" data-secret=\"qTf91oshLV\"><a href=\"https:\/\/sectorprensa.com.ar\/?p=69788\">La Provincia refuerza compromiso con la primera infancia<\/a><\/blockquote><iframe loading=\"lazy\" class=\"wp-embedded-content\" sandbox=\"allow-scripts\" security=\"restricted\" style=\"position: absolute; clip: rect(1px, 1px, 1px, 1px);\" title=\"\u00abLa Provincia refuerza compromiso con la primera infancia\u00bb \u2014 Sector Prensa\" src=\"https:\/\/sectorprensa.com.ar\/?p=69788&#038;embed=true#?secret=BsmK0JMG2j#?secret=qTf91oshLV\" data-secret=\"qTf91oshLV\" width=\"600\" height=\"338\" frameborder=\"0\" marginwidth=\"0\" marginheight=\"0\" scrolling=\"no\"><\/iframe>\n<\/div><\/figure>\n","protected":false},"excerpt":{"rendered":"<p>Ya se enviaron los turnos a las personas que cumplieron tres meses desde su primera aplicaci\u00f3n. Insisten en que es<\/p>\n","protected":false},"author":6,"featured_media":69813,"comment_status":"closed","ping_status":"closed","sticky":false,"template":"","format":"standard","meta":{"colormag_page_container_layout":"default_layout","colormag_page_sidebar_layout":"default_layout","footnotes":""},"categories":[17,18,10],"tags":[],"class_list":["post-69812","post","type-post","status-publish","format-standard","has-post-thumbnail","hentry","category-destacadas","category-provincia","category-sociedad"],"_links":{"self":[{"href":"https:\/\/sectorprensa.com.ar\/index.php?rest_route=\/wp\/v2\/posts\/69812","targetHints":{"allow":["GET"]}}],"collection":[{"href":"https:\/\/sectorprensa.com.ar\/index.php?rest_route=\/wp\/v2\/posts"}],"about":[{"href":"https:\/\/sectorprensa.com.ar\/index.php?rest_route=\/wp\/v2\/types\/post"}],"author":[{"embeddable":true,"href":"https:\/\/sectorprensa.com.ar\/index.php?rest_route=\/wp\/v2\/users\/6"}],"replies":[{"embeddable":true,"href":"https:\/\/sectorprensa.com.ar\/index.php?rest_route=%2Fwp%2Fv2%2Fcomments&post=69812"}],"version-history":[{"count":1,"href":"https:\/\/sectorprensa.com.ar\/index.php?rest_route=\/wp\/v2\/posts\/69812\/revisions"}],"predecessor-version":[{"id":69814,"href":"https:\/\/sectorprensa.com.ar\/index.php?rest_route=\/wp\/v2\/posts\/69812\/revisions\/69814"}],"wp:featuredmedia":[{"embeddable":true,"href":"https:\/\/sectorprensa.com.ar\/index.php?rest_route=\/wp\/v2\/media\/69813"}],"wp:attachment":[{"href":"https:\/\/sectorprensa.com.ar\/index.php?rest_route=%2Fwp%2Fv2%2Fmedia&parent=69812"}],"wp:term":[{"taxonomy":"category","embeddable":true,"href":"https:\/\/sectorprensa.com.ar\/index.php?rest_route=%2Fwp%2Fv2%2Fcategories&post=69812"},{"taxonomy":"post_tag","embeddable":true,"href":"https:\/\/sectorprensa.com.ar\/index.php?rest_route=%2Fwp%2Fv2%2Ftags&post=69812"}],"curies":[{"name":"wp","href":"https:\/\/api.w.org\/{rel}","templated":true}]}}