{"id":69824,"date":"2025-01-22T13:00:35","date_gmt":"2025-01-22T16:00:35","guid":{"rendered":"https:\/\/sectorprensa.com.ar\/?p=69824"},"modified":"2025-01-22T13:00:36","modified_gmt":"2025-01-22T16:00:36","slug":"kicillof-se-quejo-de-los-que-militan-el-ajuste-y-apunto-a-la-caida-del-consumo-de-carne","status":"publish","type":"post","link":"https:\/\/sectorprensa.com.ar\/?p=69824","title":{"rendered":"Kicillof se quej\u00f3 de los que \u201cmilitan el ajuste\u201d y apunt\u00f3 a la ca\u00edda del consumo de carne"},"content":{"rendered":"\n<h6 class=\"wp-block-heading\"><strong>Los dichos del gobernador son en respuesta a los datos que se conocieron sobre la suba en el consumo de pollo y ca\u00edda de carne vacuna.<\/strong><\/h6>\n\n\n\n<p>Luego que se conociera que por primera vez en la historia de la\u00a0Argentina\u00a0se\u00a0consumi\u00f3 m\u00e1s pollo que carne vacuna\u00a0durante 2024, el gobernador bonaerense\u00a0Axel Kicillof\u00a0cuestion\u00f3 a quienes vincularon eso con un cambio de costumbres y pidi\u00f3\u00a0no \u201cmilitar el ajuste\u201d\u00a0del Gobierno de Javier Milei.<\/p>\n\n\n\n<p>Los dichos de Kicillof se dan luego que datos del\u00a0Departamento de Agricultura de Estados Unidos, la\u00a0Organizaci\u00f3n Mundial de la Salud (OMS)\u00a0y la\u00a0Bolsa de Comercio de Rosario (BCRA)\u00a0indicaran que el a\u00f1o pasado se demandaron 49,3 kilogramos por habitante promedio de productos av\u00edcolas, contra 48,5 kilos de alimentos bovinos.<\/p>\n\n\n\n<p>\u201cComo de costumbre, cada vez que gobierna la derecha, presenciamos el sobrehumano esfuerzo para \u2018militar el ajuste\u2019. Es decir, atenuar o hasta hacer pasar por positivo el sacrificio que le hacen padecer a la sociedad. As\u00ed, se festeja como un \u00e9xito que suban los bonos y acciones en la Bolsa mientras caen los ingresos y se deterioran las condiciones de vida de los sectores medios, trabajadores, populares\u201d, escribi\u00f3 el gobernador en la red social X.<\/p>\n\n\n\n<p>Y en relaci\u00f3n al an\u00e1lisis de algunos sectores y medios sobre el mayor consumo de pollo que de carne bovina, ironiz\u00f3: \u201cEl episodio de hoy se titula: \u2018Los argentinos cambiaron los h\u00e1bitos y ahora consumen m\u00e1s carne de pollo que de vaca\u2019\u201d. En ese sentido, agreg\u00f3: \u201cEs una forma tramposa y miserable de presentar la cruel realidad: con la pol\u00edtica econ\u00f3mica de Milei, el consumo de carne se desplom\u00f3 y es el menor en 100 a\u00f1os, al tiempo que cay\u00f3 tambi\u00e9n el consumo de pollo, leche, frutas, verduras, etc\u201d.<\/p>\n\n\n\n<figure class=\"wp-block-embed is-type-rich is-provider-twitter wp-block-embed-twitter\"><div class=\"wp-block-embed__wrapper\">\n<blockquote class=\"twitter-tweet\" data-width=\"550\" data-dnt=\"true\"><p lang=\"es\" dir=\"ltr\">Como de costumbre, cada vez que gobierna la derecha, presenciamos el sobrehumano esfuerzo para &quot;militar el ajuste&quot;. Es decir, atenuar o hasta hacer pasar por positivo el sacrificio que le hacen padecer a la sociedad. As\u00ed, se festeja como un \u00e9xito que suban los bonos y acciones en\u2026 <a href=\"https:\/\/t.co\/pBfcOhocCT\">pic.twitter.com\/pBfcOhocCT<\/a><\/p>&mdash; Axel Kicillof (@Kicillofok) <a href=\"https:\/\/twitter.com\/Kicillofok\/status\/1882082918626894005?ref_src=twsrc%5Etfw\">January 22, 2025<\/a><\/blockquote><script async src=\"https:\/\/platform.twitter.com\/widgets.js\" charset=\"utf-8\"><\/script>\n<\/div><\/figure>\n\n\n\n<p>Seg\u00fan gr\u00e1ficos que comparti\u00f3 Kicillof, mientras el consumo de carne bovina se desplom\u00f3 de 2023 a 2024, tambi\u00e9n baj\u00f3 el de productos aviares, y solo tuvo una muy peque\u00f1a suba el de carne porcina. \u201cEst\u00e1n haciendo pedazos la capacidad de consumo del pueblo argentino.\u00a0Con Milei, la plata no le alcanza a (casi) nadie\u201d,\u00a0se\u00f1al\u00f3.<\/p>\n\n\n\n<p>Seg\u00fan explic\u00f3 el mandatario, la contracara del modelo actual es que creci\u00f3 fuerte la exportaci\u00f3n de carne bovina. \u201cSu modelo de pa\u00eds -como en su para\u00edso perdido de fines del siglo XIX- es precisamente ese, que la mayor\u00eda reduzca sus consumos por no tener ingresos suficientes y que se generen m\u00e1s \u2018saldos exportables\u2019 de alimentos como tambi\u00e9n de petr\u00f3leo, gas y energ\u00eda. Hambre y sufrimiento en el granero del mundo\u201d, a\u00f1adi\u00f3.<\/p>\n\n\n\n<p>Pese a la ca\u00edda marcada, si se suman las tres principales categor\u00edas de carnes (bovina, aviar y porcina), la\u00a0Argentina es el segundo pa\u00eds con mayor consumo a nivel global, con 115 kilogramos per c\u00e1pita, continuando con una tradici\u00f3n hist\u00f3rica de la naci\u00f3n. S\u00f3lo es superado por los Estados Unidos, cuyo promedio es de 120 kilogramos. El podio lo cierra Australia, con 105 kilogramos en 2024.<\/p>\n\n\n\n<figure class=\"wp-block-embed is-type-wp-embed is-provider-sector-prensa wp-block-embed-sector-prensa\"><div class=\"wp-block-embed__wrapper\">\n<blockquote class=\"wp-embedded-content\" data-secret=\"dpFZi0ZKiW\"><a href=\"https:\/\/sectorprensa.com.ar\/?p=69763\">El consumo de pollo super\u00f3 al de carne en 2024<\/a><\/blockquote><iframe loading=\"lazy\" class=\"wp-embedded-content\" sandbox=\"allow-scripts\" security=\"restricted\" style=\"position: absolute; clip: rect(1px, 1px, 1px, 1px);\" title=\"\u00abEl consumo de pollo super\u00f3 al de carne en 2024\u00bb \u2014 Sector Prensa\" src=\"https:\/\/sectorprensa.com.ar\/?p=69763&#038;embed=true#?secret=QMRJUjTmOP#?secret=dpFZi0ZKiW\" data-secret=\"dpFZi0ZKiW\" width=\"600\" height=\"338\" frameborder=\"0\" marginwidth=\"0\" marginheight=\"0\" scrolling=\"no\"><\/iframe>\n<\/div><\/figure>\n","protected":false},"excerpt":{"rendered":"<p>Los dichos del gobernador son en respuesta a los datos que se conocieron sobre la suba en el consumo de<\/p>\n","protected":false},"author":6,"featured_media":69825,"comment_status":"closed","ping_status":"closed","sticky":false,"template":"","format":"standard","meta":{"colormag_page_container_layout":"default_layout","colormag_page_sidebar_layout":"default_layout","footnotes":""},"categories":[17,8,18],"tags":[],"class_list":["post-69824","post","type-post","status-publish","format-standard","has-post-thumbnail","hentry","category-destacadas","category-politica","category-provincia"],"_links":{"self":[{"href":"https:\/\/sectorprensa.com.ar\/index.php?rest_route=\/wp\/v2\/posts\/69824","targetHints":{"allow":["GET"]}}],"collection":[{"href":"https:\/\/sectorprensa.com.ar\/index.php?rest_route=\/wp\/v2\/posts"}],"about":[{"href":"https:\/\/sectorprensa.com.ar\/index.php?rest_route=\/wp\/v2\/types\/post"}],"author":[{"embeddable":true,"href":"https:\/\/sectorprensa.com.ar\/index.php?rest_route=\/wp\/v2\/users\/6"}],"replies":[{"embeddable":true,"href":"https:\/\/sectorprensa.com.ar\/index.php?rest_route=%2Fwp%2Fv2%2Fcomments&post=69824"}],"version-history":[{"count":1,"href":"https:\/\/sectorprensa.com.ar\/index.php?rest_route=\/wp\/v2\/posts\/69824\/revisions"}],"predecessor-version":[{"id":69826,"href":"https:\/\/sectorprensa.com.ar\/index.php?rest_route=\/wp\/v2\/posts\/69824\/revisions\/69826"}],"wp:featuredmedia":[{"embeddable":true,"href":"https:\/\/sectorprensa.com.ar\/index.php?rest_route=\/wp\/v2\/media\/69825"}],"wp:attachment":[{"href":"https:\/\/sectorprensa.com.ar\/index.php?rest_route=%2Fwp%2Fv2%2Fmedia&parent=69824"}],"wp:term":[{"taxonomy":"category","embeddable":true,"href":"https:\/\/sectorprensa.com.ar\/index.php?rest_route=%2Fwp%2Fv2%2Fcategories&post=69824"},{"taxonomy":"post_tag","embeddable":true,"href":"https:\/\/sectorprensa.com.ar\/index.php?rest_route=%2Fwp%2Fv2%2Ftags&post=69824"}],"curies":[{"name":"wp","href":"https:\/\/api.w.org\/{rel}","templated":true}]}}