{"id":70056,"date":"2025-01-30T10:08:13","date_gmt":"2025-01-30T13:08:13","guid":{"rendered":"https:\/\/sectorprensa.com.ar\/?p=70056"},"modified":"2025-01-30T10:08:14","modified_gmt":"2025-01-30T13:08:14","slug":"video-moreno-policia-se-defendio-de-un-robo-y-mato-a-un-delincuente-e-hirio-a-otro","status":"publish","type":"post","link":"https:\/\/sectorprensa.com.ar\/?p=70056","title":{"rendered":"[Video] Moreno: Polic\u00eda se defendi\u00f3 de un robo y mat\u00f3 a un delincuente e hiri\u00f3 a otro"},"content":{"rendered":"\n<h6 class=\"wp-block-heading\"><strong>El hecho ocurri\u00f3 este mi\u00e9rcoles en la calle Vicente L\u00f3pez, entre Daract y Pagano, cuando el oficial fue abordado por tres asaltantes armados.<\/strong><\/h6>\n\n\n\n<p>Un oficial de la Polic\u00eda de la Ciudad fue atacado por tres delincuentes armados en la madrugada de este mi\u00e9rcoles en el partido de Moreno, cuando se dirig\u00eda a tomar servicio. En el enfrentamiento, un ladr\u00f3n de 18 a\u00f1os muri\u00f3 y otro, de 15, result\u00f3 gravemente herido.<\/p>\n\n\n\n<p>El hecho ocurri\u00f3 en la calle Vicente L\u00f3pez, entre Daract y Pagano, cuando los delincuentes, que circulaban en dos motocicletas, intentaron asaltar al efectivo. Al verse amenazado, el polic\u00eda se identific\u00f3 y respondi\u00f3 al ataque con su arma reglamentaria, inici\u00e1ndose un intercambio de disparos. Tras el enfrentamiento, los asaltantes huyeron del lugar.<\/p>\n\n\n\n<p>Poco despu\u00e9s, dos de los sospechosos ingresaron a un hospital de la zona. Uno de ellos, de 18 a\u00f1os, lleg\u00f3 sin vida con una herida de bala, mientras que el otro, de 15, recibi\u00f3 tres disparos y fue trasladado a quir\u00f3fano con pron\u00f3stico reservado.<\/p>\n\n\n\n<figure class=\"wp-block-embed is-type-video is-provider-youtube wp-block-embed-youtube wp-embed-aspect-4-3 wp-has-aspect-ratio\"><div class=\"wp-block-embed__wrapper\">\n<iframe loading=\"lazy\" title=\"MORENO I Tres delincuentes quisieron robarle la moto a un polic\u00eda que se defendi\u00f3 y mat\u00f3 a un ladr\u00f3n\" width=\"800\" height=\"600\" src=\"https:\/\/www.youtube.com\/embed\/c2hq7fyBXTk?feature=oembed\" frameborder=\"0\" allow=\"accelerometer; autoplay; clipboard-write; encrypted-media; gyroscope; picture-in-picture; web-share\" referrerpolicy=\"strict-origin-when-cross-origin\" allowfullscreen><\/iframe>\n<\/div><\/figure>\n\n\n\n<p>Seg\u00fan fuentes policiales, los delincuentes hab\u00edan cometido al menos dos robos previos en la misma noche. Primero, intentaron sustraer la bicicleta de un hombre de 61 a\u00f1os y, posteriormente, asaltaron a otra persona bajo amenaza con un arma de fuego.<\/p>\n\n\n\n<p>El delincuente fallecido ten\u00eda antecedentes penales tanto en la Ciudad de Buenos Aires como en la Provincia de Buenos Aires, incluyendo robos y delitos contra la propiedad. Adem\u00e1s, contaba con una orden de captura vigente emitida por el Tribunal Oral Criminal N\u00b030 de CABA.<\/p>\n\n\n\n<p>La causa qued\u00f3 a cargo de la fiscal\u00eda de turno, que investiga el accionar del polic\u00eda y las circunstancias del enfrentamiento.<\/p>\n\n\n\n<figure class=\"wp-block-embed is-type-wp-embed is-provider-sector-prensa wp-block-embed-sector-prensa\"><div class=\"wp-block-embed__wrapper\">\n<blockquote class=\"wp-embedded-content\" data-secret=\"uBIxO0Gsfr\"><a href=\"https:\/\/sectorprensa.com.ar\/?p=69920\">[Video] La Matanza: un polic\u00eda mat\u00f3 a dos ladrones\u00a0<\/a><\/blockquote><iframe loading=\"lazy\" class=\"wp-embedded-content\" sandbox=\"allow-scripts\" security=\"restricted\" style=\"position: absolute; clip: rect(1px, 1px, 1px, 1px);\" title=\"\u00ab[Video] La Matanza: un polic\u00eda mat\u00f3 a dos ladrones\u00a0\u00bb \u2014 Sector Prensa\" src=\"https:\/\/sectorprensa.com.ar\/?p=69920&#038;embed=true#?secret=eJbTNpHXAP#?secret=uBIxO0Gsfr\" data-secret=\"uBIxO0Gsfr\" width=\"600\" height=\"338\" frameborder=\"0\" marginwidth=\"0\" marginheight=\"0\" scrolling=\"no\"><\/iframe>\n<\/div><\/figure>\n","protected":false},"excerpt":{"rendered":"<p>El hecho ocurri\u00f3 este mi\u00e9rcoles en la calle Vicente L\u00f3pez, entre Daract y Pagano, cuando el oficial fue abordado por<\/p>\n","protected":false},"author":6,"featured_media":70057,"comment_status":"closed","ping_status":"closed","sticky":false,"template":"","format":"standard","meta":{"colormag_page_container_layout":"default_layout","colormag_page_sidebar_layout":"default_layout","footnotes":""},"categories":[17,2154,12],"tags":[],"class_list":["post-70056","post","type-post","status-publish","format-standard","has-post-thumbnail","hentry","category-destacadas","category-moreno","category-policiales"],"_links":{"self":[{"href":"https:\/\/sectorprensa.com.ar\/index.php?rest_route=\/wp\/v2\/posts\/70056","targetHints":{"allow":["GET"]}}],"collection":[{"href":"https:\/\/sectorprensa.com.ar\/index.php?rest_route=\/wp\/v2\/posts"}],"about":[{"href":"https:\/\/sectorprensa.com.ar\/index.php?rest_route=\/wp\/v2\/types\/post"}],"author":[{"embeddable":true,"href":"https:\/\/sectorprensa.com.ar\/index.php?rest_route=\/wp\/v2\/users\/6"}],"replies":[{"embeddable":true,"href":"https:\/\/sectorprensa.com.ar\/index.php?rest_route=%2Fwp%2Fv2%2Fcomments&post=70056"}],"version-history":[{"count":1,"href":"https:\/\/sectorprensa.com.ar\/index.php?rest_route=\/wp\/v2\/posts\/70056\/revisions"}],"predecessor-version":[{"id":70058,"href":"https:\/\/sectorprensa.com.ar\/index.php?rest_route=\/wp\/v2\/posts\/70056\/revisions\/70058"}],"wp:featuredmedia":[{"embeddable":true,"href":"https:\/\/sectorprensa.com.ar\/index.php?rest_route=\/wp\/v2\/media\/70057"}],"wp:attachment":[{"href":"https:\/\/sectorprensa.com.ar\/index.php?rest_route=%2Fwp%2Fv2%2Fmedia&parent=70056"}],"wp:term":[{"taxonomy":"category","embeddable":true,"href":"https:\/\/sectorprensa.com.ar\/index.php?rest_route=%2Fwp%2Fv2%2Fcategories&post=70056"},{"taxonomy":"post_tag","embeddable":true,"href":"https:\/\/sectorprensa.com.ar\/index.php?rest_route=%2Fwp%2Fv2%2Ftags&post=70056"}],"curies":[{"name":"wp","href":"https:\/\/api.w.org\/{rel}","templated":true}]}}