{"id":70080,"date":"2025-01-31T11:37:00","date_gmt":"2025-01-31T14:37:00","guid":{"rendered":"https:\/\/sectorprensa.com.ar\/?p=70080"},"modified":"2025-01-31T11:37:16","modified_gmt":"2025-01-31T14:37:16","slug":"video-moreno-se-quejo-de-la-inseguridad-en-tv-y-horas-mas-tarde-lo-asesinaron-de-siete-punaladas","status":"publish","type":"post","link":"https:\/\/sectorprensa.com.ar\/?p=70080","title":{"rendered":"[Video] Moreno: se quej\u00f3 de la inseguridad en TV y horas m\u00e1s tarde lo asesinaron de siete pu\u00f1aladas"},"content":{"rendered":"\n<h6 class=\"wp-block-heading\"><strong>La v\u00edctima result\u00f3 un delivery que intent\u00f3 reducir a un hombre que ya hab\u00eda acuchillado a otra persona.<\/strong><\/h6>\n\n\n\n<p>Un delivery de 20 a\u00f1os fue asesinado de siete pu\u00f1aladas en Moreno. La v\u00edctima fue identificada como Lucas Aguilar y el agresor, que qued\u00f3 detenido, tambi\u00e9n hab\u00eda atacado a un vendedor ambulante.<\/p>\n\n\n\n<p>Los hechos comenzaron en la tarde del jueves, en una plaza situada en el cruce de la avenida Bartolom\u00e9 Mitre y Espa\u00f1a. All\u00ed el asesino mantuvo un altercado con Leonardo Ernesto Merollo, de 32 a\u00f1os, a quien atac\u00f3 a cuchilladas.<\/p>\n\n\n\n<p>El agresor fug\u00f3 a la carrera y entonces el delivery, junto a otras personas que hab\u00edan observado la mencionada reyerta, pretendi\u00f3 reducirlo. En ese momento el malviviente le propin\u00f3 al joven severas lesiones. Por las c\u00e1maras de seguridad se pudo observar el momento en el que el agresor apu\u00f1ala siete veces a la v\u00edctima.<\/p>\n\n\n\n<p>Miembros de la Unidad de Polic\u00eda de Prevenci\u00f3n Local (U.P.P.L.), quienes vigilaban un sector de comercios, apresaron luego al criminal, a quien le incautaron un cuchillo empleado en tareas de carnicer\u00eda.<\/p>\n\n\n\n<figure class=\"wp-block-embed is-type-rich is-provider-twitter wp-block-embed-twitter\"><div class=\"wp-block-embed__wrapper\">\n<blockquote class=\"twitter-tweet\" data-width=\"550\" data-dnt=\"true\"><p lang=\"es\" dir=\"ltr\">BRUTAL. Delivery pidi\u00f3 seguridad en TV y termin\u00f3 asesinado a pu\u00f1aladas a las pocas horas. Ocurri\u00f3 en Moreno. As\u00ed fue el crimen. <a href=\"https:\/\/t.co\/dC9Z8IdY0r\">pic.twitter.com\/dC9Z8IdY0r<\/a><\/p>&mdash; @diarioconurbano (@DiarioConurbano) <a href=\"https:\/\/twitter.com\/DiarioConurbano\/status\/1885154284611813407?ref_src=twsrc%5Etfw\">January 31, 2025<\/a><\/blockquote><script async src=\"https:\/\/platform.twitter.com\/widgets.js\" charset=\"utf-8\"><\/script>\n<\/div><\/figure>\n\n\n\n<p>Aguilar y Merollo, en tanto, debieron ser conducidos de urgencia al Hospital Descentralizado Zonal General Mariano y Luciano de la Vega, donde el repartidor finalmente falleci\u00f3. La otra v\u00edctima permanece internada en grave estado tras ser operada por los m\u00e9dicos, con heridas en el pecho.<\/p>\n\n\n\n<p>El homicida, identificada como Luis Benjam\u00edn Ben\u00edtez, de 38 a\u00f1os, est\u00e1 detenido y cuenta con varios antecedentes penales. Interviene en este caso la Unidad Funcional de Instrucci\u00f3n (UFI) n\u00famero 4 de Moreno del Departamento Judicial de Moreno-General Rodr\u00edguez.<\/p>\n\n\n\n<p>La causa fue caratula como homicidio agravado en concurso real con homicidio simple en tentativa.<\/p>\n\n\n\n<figure class=\"wp-block-image size-full\"><img loading=\"lazy\" decoding=\"async\" width=\"237\" height=\"158\" src=\"https:\/\/sectorprensa.com.ar\/wp-content\/uploads\/2025\/01\/Captura-de-pantalla-2025-01-31-113619.png\" alt=\"\" class=\"wp-image-70082\"\/><figcaption class=\"wp-element-caption\"><strong>Luis Benjam\u00edn Ben\u00edtez, detenido<\/strong><\/figcaption><\/figure>\n\n\n\n<p><strong>\u201cCINCO VECES ME QUISIERON ROBAR\u201d<\/strong><\/p>\n\n\n\n<p>Apenas horas antes del ataque, Aguilar hab\u00eda dado una nota para el medio C5N donde se quej\u00f3 de la inseguridad en el Conurbano. \u201cCinco veces me quisieron robar y, la \u00faltima vez, casi pierdo el ojo\u201d, cont\u00f3 el joven acerca de c\u00f3mo es trabajar en la calle siendo delivery.<\/p>\n\n\n\n<p>\u201cTe agarran entre tres o cuatro y te encierran o se hacen pedidos falsos para robarte la moto\u201d, reclam\u00f3.<\/p>\n\n\n\n<figure class=\"wp-block-embed is-type-video is-provider-youtube wp-block-embed-youtube wp-embed-aspect-16-9 wp-has-aspect-ratio\"><div class=\"wp-block-embed__wrapper\">\n<iframe loading=\"lazy\" title=\"DISCUSI\u00d3N, PU\u00d1ALADAS y MUERTE: PIDI\u00d3 SEGURIDAD en una ENTREVISTA y lo ASESINARON a las POCAS HORAS\" width=\"800\" height=\"450\" src=\"https:\/\/www.youtube.com\/embed\/zM9DKZWvtV4?feature=oembed\" frameborder=\"0\" allow=\"accelerometer; autoplay; clipboard-write; encrypted-media; gyroscope; picture-in-picture; web-share\" referrerpolicy=\"strict-origin-when-cross-origin\" allowfullscreen><\/iframe>\n<\/div><\/figure>\n\n\n\n<figure class=\"wp-block-embed is-type-wp-embed is-provider-sector-prensa wp-block-embed-sector-prensa\"><div class=\"wp-block-embed__wrapper\">\n<blockquote class=\"wp-embedded-content\" data-secret=\"gnlWTTn1LL\"><a href=\"https:\/\/sectorprensa.com.ar\/?p=70056\">[Video] Moreno: Polic\u00eda se defendi\u00f3 de un robo y mat\u00f3 a un delincuente e hiri\u00f3 a otro<\/a><\/blockquote><iframe loading=\"lazy\" class=\"wp-embedded-content\" sandbox=\"allow-scripts\" security=\"restricted\" style=\"position: absolute; clip: rect(1px, 1px, 1px, 1px);\" title=\"\u00ab[Video] Moreno: Polic\u00eda se defendi\u00f3 de un robo y mat\u00f3 a un delincuente e hiri\u00f3 a otro\u00bb \u2014 Sector Prensa\" src=\"https:\/\/sectorprensa.com.ar\/?p=70056&#038;embed=true#?secret=98LliTcVX8#?secret=gnlWTTn1LL\" data-secret=\"gnlWTTn1LL\" width=\"600\" height=\"338\" frameborder=\"0\" marginwidth=\"0\" marginheight=\"0\" scrolling=\"no\"><\/iframe>\n<\/div><\/figure>\n","protected":false},"excerpt":{"rendered":"<p>La v\u00edctima result\u00f3 un delivery que intent\u00f3 reducir a un hombre que ya hab\u00eda acuchillado a otra persona. Un delivery<\/p>\n","protected":false},"author":6,"featured_media":70081,"comment_status":"closed","ping_status":"closed","sticky":false,"template":"","format":"standard","meta":{"colormag_page_container_layout":"default_layout","colormag_page_sidebar_layout":"default_layout","footnotes":""},"categories":[17,2154,12],"tags":[],"class_list":["post-70080","post","type-post","status-publish","format-standard","has-post-thumbnail","hentry","category-destacadas","category-moreno","category-policiales"],"_links":{"self":[{"href":"https:\/\/sectorprensa.com.ar\/index.php?rest_route=\/wp\/v2\/posts\/70080","targetHints":{"allow":["GET"]}}],"collection":[{"href":"https:\/\/sectorprensa.com.ar\/index.php?rest_route=\/wp\/v2\/posts"}],"about":[{"href":"https:\/\/sectorprensa.com.ar\/index.php?rest_route=\/wp\/v2\/types\/post"}],"author":[{"embeddable":true,"href":"https:\/\/sectorprensa.com.ar\/index.php?rest_route=\/wp\/v2\/users\/6"}],"replies":[{"embeddable":true,"href":"https:\/\/sectorprensa.com.ar\/index.php?rest_route=%2Fwp%2Fv2%2Fcomments&post=70080"}],"version-history":[{"count":1,"href":"https:\/\/sectorprensa.com.ar\/index.php?rest_route=\/wp\/v2\/posts\/70080\/revisions"}],"predecessor-version":[{"id":70083,"href":"https:\/\/sectorprensa.com.ar\/index.php?rest_route=\/wp\/v2\/posts\/70080\/revisions\/70083"}],"wp:featuredmedia":[{"embeddable":true,"href":"https:\/\/sectorprensa.com.ar\/index.php?rest_route=\/wp\/v2\/media\/70081"}],"wp:attachment":[{"href":"https:\/\/sectorprensa.com.ar\/index.php?rest_route=%2Fwp%2Fv2%2Fmedia&parent=70080"}],"wp:term":[{"taxonomy":"category","embeddable":true,"href":"https:\/\/sectorprensa.com.ar\/index.php?rest_route=%2Fwp%2Fv2%2Fcategories&post=70080"},{"taxonomy":"post_tag","embeddable":true,"href":"https:\/\/sectorprensa.com.ar\/index.php?rest_route=%2Fwp%2Fv2%2Ftags&post=70080"}],"curies":[{"name":"wp","href":"https:\/\/api.w.org\/{rel}","templated":true}]}}