{"id":70090,"date":"2025-01-31T15:22:41","date_gmt":"2025-01-31T18:22:41","guid":{"rendered":"https:\/\/sectorprensa.com.ar\/?p=70090"},"modified":"2025-01-31T15:22:42","modified_gmt":"2025-01-31T18:22:42","slug":"incidentes-en-la-municipalidad-de-moreno-en-la-protesta-por-el-crimen-del-repartidor","status":"publish","type":"post","link":"https:\/\/sectorprensa.com.ar\/?p=70090","title":{"rendered":"Incidentes en la municipalidad de Moreno en la protesta por el crimen del repartidor"},"content":{"rendered":"\n<h6 class=\"wp-block-heading\"><strong>Familiares y amigos del repartidor Lucas Aguilar se congregaron para reclamar por el esclarecimiento de su asesinato. Los manifestantes apedrearon m\u00f3viles policiales, intentaron prenderlos fuego y quemaron neum\u00e1ticos. La Polic\u00eda les arroj\u00f3 balas de goma y gas pimienta. Hay al menos 15 detenidos.<\/strong><\/h6>\n\n\n\n<p>Familiares y amigos de Lucas Aguilar, el joven asesinado de siete pu\u00f1aladas mientras intentaba defender a un vendedor ambulante, se congregaron frente a la municipalidad de Moreno y reclamaron por el esclarecimiento del caso. Los manifestantes apedrearon m\u00f3viles policiales, intentaron prenderlos fuego y quemaron neum\u00e1ticos. Oficiales y efectivos de civil dispararon balas de goma y arrojaron gas pimienta para dispersar la protesta. Hay al menos 15 detenidos.<\/p>\n\n\n\n<p>En la protesta los compa\u00f1eros, parientes y vecinos de Lucas Aguilar prendieron fuego gomas y conos de seguridad frente al edificio de la municipalidad de Moreno, ubicada en la calle Eduardo Asconape 51. Al tiempo, se enfrentaron con la Polic\u00eda.<\/p>\n\n\n\n<p>Los compa\u00f1eros del repartidor asesinado quer\u00edan acercarse a la intendencia, pero los efectivos les arrojaron gas pimienta mientras trataban de apagar el fuego.<\/p>\n\n\n\n<p>La novia de Aguilar fue una de las afectadas por el gas. Momentos despu\u00e9s, algunos de los protestantes apedrearon una camioneta de la Municipalidad.<\/p>\n\n\n\n<p>En ese marco se supo que hubo 15 detenidos, que fueron trasladados en una camioneta de la Polic\u00eda.<\/p>\n\n\n\n<figure class=\"wp-block-embed is-type-rich is-provider-twitter wp-block-embed-twitter\"><div class=\"wp-block-embed__wrapper\">\n<blockquote class=\"twitter-tweet\" data-width=\"550\" data-dnt=\"true\"><p lang=\"es\" dir=\"ltr\">Es lamentable la represi\u00f3n que se produjo frente a la municipalidad de Moreno. Personas de bajos recursos, enojadas, con mucha bronca exigen justicia por el asesinato de un joven repartidor. Hay mucho que reflexionar al respecto. <a href=\"https:\/\/t.co\/6GNIoqSfZO\">pic.twitter.com\/6GNIoqSfZO<\/a><\/p>&mdash; Jonatan Arbusto\ud83c\udf33 (@PonsJona) <a href=\"https:\/\/twitter.com\/PonsJona\/status\/1885391464022122673?ref_src=twsrc%5Etfw\">January 31, 2025<\/a><\/blockquote><script async src=\"https:\/\/platform.twitter.com\/widgets.js\" charset=\"utf-8\"><\/script>\n<\/div><\/figure>\n\n\n\n<p>Tras los incidentes, una veintena de motos qued\u00f3 desperdigada sobre la vereda de la plaza ubicada frente al edificio municipal y sobre el asfalto de la calle Asconape. Tambi\u00e9n quedaron tirados bolsos y mochilas de los repartidores, varios de los cuales fueron robados por personas que no participaban de la manifestaci\u00f3n.<\/p>\n\n\n\n<p><strong>La palabra oficial<\/strong><\/p>\n\n\n\n<p>Ismael Castro, secretario de Seguridad de Moreno, habl\u00f3 tras los disturbios: \u201cEmpezaron a destruir m\u00f3viles, incendiaron cubiertas, se desmadr\u00f3 la situaci\u00f3n y la Polic\u00eda quiso frenar la violencia\u201d.<\/p>\n\n\n\n<p>\u201cSe estaba poniendo muy tenso el clima y por eso la Polic\u00eda procedi\u00f3 a desactivar el conflicto\u201d, sum\u00f3 el funcionario en di\u00e1logo con La Naci\u00f3n.<\/p>\n\n\n\n<p>Castro tambi\u00e9n confirm\u00f3 que la intendenta Mariel Fern\u00e1ndez estuvo adentro del edificio municipal mientras ocurr\u00eda la protesta. \u201cEstamos en contacto con la familia de Lucas. Su crimen no fue en ocasi\u00f3n de robo\u201d, concluy\u00f3.<\/p>\n\n\n\n<figure class=\"wp-block-embed is-type-wp-embed is-provider-sector-prensa wp-block-embed-sector-prensa\"><div class=\"wp-block-embed__wrapper\">\n<blockquote class=\"wp-embedded-content\" data-secret=\"sf6jrPvJQb\"><a href=\"https:\/\/sectorprensa.com.ar\/?p=70080\">[Video] Moreno: se quej\u00f3 de la inseguridad en TV y horas m\u00e1s tarde lo asesinaron de siete pu\u00f1aladas<\/a><\/blockquote><iframe loading=\"lazy\" class=\"wp-embedded-content\" sandbox=\"allow-scripts\" security=\"restricted\" style=\"position: absolute; clip: rect(1px, 1px, 1px, 1px);\" title=\"\u00ab[Video] Moreno: se quej\u00f3 de la inseguridad en TV y horas m\u00e1s tarde lo asesinaron de siete pu\u00f1aladas\u00bb \u2014 Sector Prensa\" src=\"https:\/\/sectorprensa.com.ar\/?p=70080&#038;embed=true#?secret=COrCnjPKwQ#?secret=sf6jrPvJQb\" data-secret=\"sf6jrPvJQb\" width=\"600\" height=\"338\" frameborder=\"0\" marginwidth=\"0\" marginheight=\"0\" scrolling=\"no\"><\/iframe>\n<\/div><\/figure>\n","protected":false},"excerpt":{"rendered":"<p>Familiares y amigos del repartidor Lucas Aguilar se congregaron para reclamar por el esclarecimiento de su asesinato. Los manifestantes apedrearon<\/p>\n","protected":false},"author":6,"featured_media":70091,"comment_status":"closed","ping_status":"closed","sticky":false,"template":"","format":"standard","meta":{"colormag_page_container_layout":"default_layout","colormag_page_sidebar_layout":"default_layout","footnotes":""},"categories":[6828,2154,12],"tags":[],"class_list":["post-70090","post","type-post","status-publish","format-standard","has-post-thumbnail","hentry","category-mas-destacadas","category-moreno","category-policiales"],"_links":{"self":[{"href":"https:\/\/sectorprensa.com.ar\/index.php?rest_route=\/wp\/v2\/posts\/70090","targetHints":{"allow":["GET"]}}],"collection":[{"href":"https:\/\/sectorprensa.com.ar\/index.php?rest_route=\/wp\/v2\/posts"}],"about":[{"href":"https:\/\/sectorprensa.com.ar\/index.php?rest_route=\/wp\/v2\/types\/post"}],"author":[{"embeddable":true,"href":"https:\/\/sectorprensa.com.ar\/index.php?rest_route=\/wp\/v2\/users\/6"}],"replies":[{"embeddable":true,"href":"https:\/\/sectorprensa.com.ar\/index.php?rest_route=%2Fwp%2Fv2%2Fcomments&post=70090"}],"version-history":[{"count":1,"href":"https:\/\/sectorprensa.com.ar\/index.php?rest_route=\/wp\/v2\/posts\/70090\/revisions"}],"predecessor-version":[{"id":70092,"href":"https:\/\/sectorprensa.com.ar\/index.php?rest_route=\/wp\/v2\/posts\/70090\/revisions\/70092"}],"wp:featuredmedia":[{"embeddable":true,"href":"https:\/\/sectorprensa.com.ar\/index.php?rest_route=\/wp\/v2\/media\/70091"}],"wp:attachment":[{"href":"https:\/\/sectorprensa.com.ar\/index.php?rest_route=%2Fwp%2Fv2%2Fmedia&parent=70090"}],"wp:term":[{"taxonomy":"category","embeddable":true,"href":"https:\/\/sectorprensa.com.ar\/index.php?rest_route=%2Fwp%2Fv2%2Fcategories&post=70090"},{"taxonomy":"post_tag","embeddable":true,"href":"https:\/\/sectorprensa.com.ar\/index.php?rest_route=%2Fwp%2Fv2%2Ftags&post=70090"}],"curies":[{"name":"wp","href":"https:\/\/api.w.org\/{rel}","templated":true}]}}