{"id":70093,"date":"2025-02-01T15:04:55","date_gmt":"2025-02-01T18:04:55","guid":{"rendered":"https:\/\/sectorprensa.com.ar\/?p=70093"},"modified":"2025-02-01T15:04:56","modified_gmt":"2025-02-01T18:04:56","slug":"kicillof-a-milei-me-repugna-verlo-lucrar-politicamente-con-la-muerte-de-un-bonaerense","status":"publish","type":"post","link":"https:\/\/sectorprensa.com.ar\/?p=70093","title":{"rendered":"Kicillof a Milei: \u00abMe repugna verlo lucrar pol\u00edticamente con la muerte de un bonaerense\u00bb"},"content":{"rendered":"\n<h6 class=\"wp-block-heading\"><strong>El Gobernador de la provincia de Buenos Aires acus\u00f3 al Presidente de hacer \u00abmarketing\u00bb con el asesinato del repartidor en Moreno. Adem\u00e1s, le exigi\u00f3 devolver los fondos destinados a la seguridad.<\/strong><\/h6>\n\n\n\n<p>El Presidente Javier Milei realiz\u00f3 una publicaci\u00f3n en sus redes sociales horas despu\u00e9s del asesinato de Lucas Aguilar, repartidor de Moreno, donde lo calific\u00f3 como un \u00abh\u00e9roe\u00bb y que recibir\u00eda la \u00abCondecoraci\u00f3n al Valor del Hombre Com\u00fan\u00bb. Sin embargo, estas palabras no cayeron bien en la oposici\u00f3n y Axel Kicillof lo critic\u00f3 por la misma v\u00eda.<\/p>\n\n\n\n<p>\u00abPresidente. Usted tiene derecho a hacer campa\u00f1a electoral pero no a hacer marketing con el dolor y la tragedia\u00bb, dijo Kicillof en su cuenta de X.<\/p>\n\n\n\n<p>En la misma l\u00ednea, sostuvo que \u00abel salvaje ajuste que est\u00e1 realizando est\u00e1 pulverizando los ingresos, la producci\u00f3n y el trabajo nacional, agravando as\u00ed -con sus agresiones, descalificaciones e insultos- la violencia social\u00bb. Adem\u00e1s, dijo que si el mandatario desea \u00abcolaborar\u00bb, que \u00abpodr\u00eda empezar por devolver los 749 mil millones de pesos del Fondo de Seguridad\u00bb.<\/p>\n\n\n\n<p>\u00abHay que cuidar al pueblo sin caer en demagogias baratas salidas de la imaginaci\u00f3n de su consultor estrella. Por \u00faltimo, en lo personal, me repugna verlo lucrar pol\u00edticamente con la muerte de un  bonaerense\u00bb, concluy\u00f3.<\/p>\n\n\n\n<figure class=\"wp-block-image size-full\"><img loading=\"lazy\" decoding=\"async\" width=\"992\" height=\"558\" src=\"https:\/\/sectorprensa.com.ar\/wp-content\/uploads\/2025\/02\/image.png\" alt=\"\" class=\"wp-image-70095\" srcset=\"https:\/\/sectorprensa.com.ar\/wp-content\/uploads\/2025\/02\/image.png 992w, https:\/\/sectorprensa.com.ar\/wp-content\/uploads\/2025\/02\/image-300x169.png 300w, https:\/\/sectorprensa.com.ar\/wp-content\/uploads\/2025\/02\/image-768x432.png 768w\" sizes=\"auto, (max-width: 992px) 100vw, 992px\" \/><figcaption class=\"wp-element-caption\">La publicaci\u00f3n del Presidente Javier Milei.<\/figcaption><\/figure>\n\n\n\n<figure class=\"wp-block-embed is-type-wp-embed is-provider-sector-prensa wp-block-embed-sector-prensa\"><div class=\"wp-block-embed__wrapper\">\n<blockquote class=\"wp-embedded-content\" data-secret=\"0VbBKks3jV\"><a href=\"https:\/\/sectorprensa.com.ar\/?p=70090\">Incidentes en la municipalidad de Moreno en la protesta por el crimen del repartidor<\/a><\/blockquote><iframe loading=\"lazy\" class=\"wp-embedded-content\" sandbox=\"allow-scripts\" security=\"restricted\" style=\"position: absolute; clip: rect(1px, 1px, 1px, 1px);\" title=\"\u00abIncidentes en la municipalidad de Moreno en la protesta por el crimen del repartidor\u00bb \u2014 Sector Prensa\" src=\"https:\/\/sectorprensa.com.ar\/?p=70090&#038;embed=true#?secret=COJ9yOVAPQ#?secret=0VbBKks3jV\" data-secret=\"0VbBKks3jV\" width=\"600\" height=\"338\" frameborder=\"0\" marginwidth=\"0\" marginheight=\"0\" scrolling=\"no\"><\/iframe>\n<\/div><\/figure>\n","protected":false},"excerpt":{"rendered":"<p>El Gobernador de la provincia de Buenos Aires acus\u00f3 al Presidente de hacer \u00abmarketing\u00bb con el asesinato del repartidor en<\/p>\n","protected":false},"author":5,"featured_media":70094,"comment_status":"closed","ping_status":"closed","sticky":false,"template":"","format":"standard","meta":{"colormag_page_container_layout":"default_layout","colormag_page_sidebar_layout":"default_layout","footnotes":""},"categories":[6828,8],"tags":[3337,6221],"class_list":["post-70093","post","type-post","status-publish","format-standard","has-post-thumbnail","hentry","category-mas-destacadas","category-politica","tag-axel-kicillof","tag-javier-milei"],"_links":{"self":[{"href":"https:\/\/sectorprensa.com.ar\/index.php?rest_route=\/wp\/v2\/posts\/70093","targetHints":{"allow":["GET"]}}],"collection":[{"href":"https:\/\/sectorprensa.com.ar\/index.php?rest_route=\/wp\/v2\/posts"}],"about":[{"href":"https:\/\/sectorprensa.com.ar\/index.php?rest_route=\/wp\/v2\/types\/post"}],"author":[{"embeddable":true,"href":"https:\/\/sectorprensa.com.ar\/index.php?rest_route=\/wp\/v2\/users\/5"}],"replies":[{"embeddable":true,"href":"https:\/\/sectorprensa.com.ar\/index.php?rest_route=%2Fwp%2Fv2%2Fcomments&post=70093"}],"version-history":[{"count":1,"href":"https:\/\/sectorprensa.com.ar\/index.php?rest_route=\/wp\/v2\/posts\/70093\/revisions"}],"predecessor-version":[{"id":70096,"href":"https:\/\/sectorprensa.com.ar\/index.php?rest_route=\/wp\/v2\/posts\/70093\/revisions\/70096"}],"wp:featuredmedia":[{"embeddable":true,"href":"https:\/\/sectorprensa.com.ar\/index.php?rest_route=\/wp\/v2\/media\/70094"}],"wp:attachment":[{"href":"https:\/\/sectorprensa.com.ar\/index.php?rest_route=%2Fwp%2Fv2%2Fmedia&parent=70093"}],"wp:term":[{"taxonomy":"category","embeddable":true,"href":"https:\/\/sectorprensa.com.ar\/index.php?rest_route=%2Fwp%2Fv2%2Fcategories&post=70093"},{"taxonomy":"post_tag","embeddable":true,"href":"https:\/\/sectorprensa.com.ar\/index.php?rest_route=%2Fwp%2Fv2%2Ftags&post=70093"}],"curies":[{"name":"wp","href":"https:\/\/api.w.org\/{rel}","templated":true}]}}