{"id":70097,"date":"2025-02-01T15:25:29","date_gmt":"2025-02-01T18:25:29","guid":{"rendered":"https:\/\/sectorprensa.com.ar\/?p=70097"},"modified":"2025-02-01T15:25:30","modified_gmt":"2025-02-01T18:25:30","slug":"ypf-aplico-un-nuevo-aumento-en-combustibles","status":"publish","type":"post","link":"https:\/\/sectorprensa.com.ar\/?p=70097","title":{"rendered":"YPF aplic\u00f3 un nuevo aumento en combustibles"},"content":{"rendered":"\n<h6 class=\"wp-block-heading\"><strong>El incremento en los precios ser\u00e1 del 2%, a pesar de que el gobierno postergo la suba de un impuesto, y generar\u00e1 presi\u00f3n sobre la inflaci\u00f3n de febrero.<\/strong><\/h6>\n\n\n\n<p>Febrero comenz\u00f3 con un aumento en los combustibles. YPF anunci\u00f3 este s\u00e1bado que comienza a regir la suba del 2% en los valores, aunque el gobierno hab\u00eda establecido la postergaci\u00f3n de los impuestos combustible l\u00edquido (ICL) y al di\u00f3xido de carbono (IDC) hasta principios de marzo.<\/p>\n\n\n\n<p>De esta manera, en la provincia de Buenos Aires la nafta s\u00faper tendr\u00e1 un precio de 1.179 pesos. Cabe destacar, que la nafta y gasoil llevan un 3,88% de aumento desde enero en territorio bonaerense.<\/p>\n\n\n\n<figure class=\"wp-block-embed is-type-wp-embed is-provider-sector-prensa wp-block-embed-sector-prensa\"><div class=\"wp-block-embed__wrapper\">\n<blockquote class=\"wp-embedded-content\" data-secret=\"6jTbhNKySF\"><a href=\"https:\/\/sectorprensa.com.ar\/?p=70059\">Inflaci\u00f3n: disminuy\u00f3 la expectativa para este 2025<\/a><\/blockquote><iframe loading=\"lazy\" class=\"wp-embedded-content\" sandbox=\"allow-scripts\" security=\"restricted\" style=\"position: absolute; clip: rect(1px, 1px, 1px, 1px);\" title=\"\u00abInflaci\u00f3n: disminuy\u00f3 la expectativa para este 2025\u00bb \u2014 Sector Prensa\" src=\"https:\/\/sectorprensa.com.ar\/?p=70059&#038;embed=true#?secret=FzS88CGIn0#?secret=6jTbhNKySF\" data-secret=\"6jTbhNKySF\" width=\"600\" height=\"338\" frameborder=\"0\" marginwidth=\"0\" marginheight=\"0\" scrolling=\"no\"><\/iframe>\n<\/div><\/figure>\n","protected":false},"excerpt":{"rendered":"<p>El incremento en los precios ser\u00e1 del 2%, a pesar de que el gobierno postergo la suba de un impuesto,<\/p>\n","protected":false},"author":5,"featured_media":70098,"comment_status":"closed","ping_status":"closed","sticky":false,"template":"","format":"standard","meta":{"colormag_page_container_layout":"default_layout","colormag_page_sidebar_layout":"default_layout","footnotes":""},"categories":[17,10],"tags":[2280,5564],"class_list":["post-70097","post","type-post","status-publish","format-standard","has-post-thumbnail","hentry","category-destacadas","category-sociedad","tag-combustible","tag-economia"],"_links":{"self":[{"href":"https:\/\/sectorprensa.com.ar\/index.php?rest_route=\/wp\/v2\/posts\/70097","targetHints":{"allow":["GET"]}}],"collection":[{"href":"https:\/\/sectorprensa.com.ar\/index.php?rest_route=\/wp\/v2\/posts"}],"about":[{"href":"https:\/\/sectorprensa.com.ar\/index.php?rest_route=\/wp\/v2\/types\/post"}],"author":[{"embeddable":true,"href":"https:\/\/sectorprensa.com.ar\/index.php?rest_route=\/wp\/v2\/users\/5"}],"replies":[{"embeddable":true,"href":"https:\/\/sectorprensa.com.ar\/index.php?rest_route=%2Fwp%2Fv2%2Fcomments&post=70097"}],"version-history":[{"count":1,"href":"https:\/\/sectorprensa.com.ar\/index.php?rest_route=\/wp\/v2\/posts\/70097\/revisions"}],"predecessor-version":[{"id":70099,"href":"https:\/\/sectorprensa.com.ar\/index.php?rest_route=\/wp\/v2\/posts\/70097\/revisions\/70099"}],"wp:featuredmedia":[{"embeddable":true,"href":"https:\/\/sectorprensa.com.ar\/index.php?rest_route=\/wp\/v2\/media\/70098"}],"wp:attachment":[{"href":"https:\/\/sectorprensa.com.ar\/index.php?rest_route=%2Fwp%2Fv2%2Fmedia&parent=70097"}],"wp:term":[{"taxonomy":"category","embeddable":true,"href":"https:\/\/sectorprensa.com.ar\/index.php?rest_route=%2Fwp%2Fv2%2Fcategories&post=70097"},{"taxonomy":"post_tag","embeddable":true,"href":"https:\/\/sectorprensa.com.ar\/index.php?rest_route=%2Fwp%2Fv2%2Ftags&post=70097"}],"curies":[{"name":"wp","href":"https:\/\/api.w.org\/{rel}","templated":true}]}}