{"id":70146,"date":"2025-02-03T10:54:28","date_gmt":"2025-02-03T13:54:28","guid":{"rendered":"https:\/\/sectorprensa.com.ar\/?p=70146"},"modified":"2025-02-03T10:54:29","modified_gmt":"2025-02-03T13:54:29","slug":"un-policia-mato-a-delincuente-tras-una-persecucion-que-comenzo-en-moreno-y-termino-en-general-rodriguez","status":"publish","type":"post","link":"https:\/\/sectorprensa.com.ar\/?p=70146","title":{"rendered":"Un polic\u00eda mat\u00f3 a delincuente tras una persecuci\u00f3n que comenz\u00f3 en Moreno y termin\u00f3 en General Rodr\u00edguez"},"content":{"rendered":"\n<h6 class=\"wp-block-heading\"><strong>El hecho comenz\u00f3 cuando efectivos quisieron identificar a dos hombres a bordo de una moto. En lugar de detenerse, uno de los sospechosos sac\u00f3 un arma y dispar\u00f3.<\/strong><\/h6>\n\n\n\n<p>Un polic\u00eda mat\u00f3 a un sospechoso en General Rodr\u00edguez, luego de una persecuci\u00f3n que comenz\u00f3 en Moreno.<\/p>\n\n\n\n<p>El hecho comenz\u00f3 en las \u00faltimas horas, cuando efectivos de la Polic\u00eda bonaerense realizaban tareas investigativas en la jurisdicci\u00f3n que fue escenario de graves incidentes tras el homicidio de Lucas Aguilar, el joven repartidor asesinado a pu\u00f1aladas este jueves.<\/p>\n\n\n\n<p>En ese contexto, visualizaron una moto con dos hombres a bordo que les resultaron sospechosos. Los polic\u00edas dieron la voz de alto, pero no se detuvieron, por el contrario, sacaron un arma de fuego y realizaron un disparo.<\/p>\n\n\n\n<p>Los agentes respondieron y se inici\u00f3 una persecuci\u00f3n en esa zona de Moreno que linda con General Rodr\u00edguez. Ya en el barrio Altos del Oeste, en ese partido, uno de los hombres le habr\u00eda apuntado a la cabeza con una pistola a un polic\u00eda que lo segu\u00eda desde un auto no identificable de la fuerza de seguridad.<\/p>\n\n\n\n<p>En ese momento, el oficial le dispar\u00f3. La bala le dio al sospechoso en la altura del abdomen. Cay\u00f3 de la moto, mientras el hombre que manejaba el veh\u00edculo escap\u00f3 a toda velocidad.<\/p>\n\n\n\n<p>El herido, identificado como Germ\u00e1n Ignacio Garc\u00eda, fue trasladado al hospital local, donde ingres\u00f3 muerto. Las fuentes indicaron que, seg\u00fan sus familiares, Garc\u00eda hab\u00eda estado preso por, al menos, ocho a\u00f1os.<\/p>\n\n\n\n<p>En la causa interviene el fiscal Gast\u00f3n Porta y el secretario Gustavo Buscalia de la UFI N\u00b09 de General Rodr\u00edguez, quienes, por el momento, no tomaron temperamento con el polic\u00eda, debido a que se tratar\u00eda de un caso de leg\u00edtima defensa.<\/p>\n\n\n\n<p>Las pericias del caso quedaron a cargo de Gendarmer\u00eda, a pedido de Porta, debido a que el imputado es miembro de la fuerza de seguridad bonaerense.<\/p>\n\n\n\n<figure class=\"wp-block-embed is-type-wp-embed is-provider-sector-prensa wp-block-embed-sector-prensa\"><div class=\"wp-block-embed__wrapper\">\n<blockquote class=\"wp-embedded-content\" data-secret=\"vDVtP52dvG\"><a href=\"https:\/\/sectorprensa.com.ar\/?p=70108\">Moreno: mataron a dos hombres en una disputa narco<\/a><\/blockquote><iframe loading=\"lazy\" class=\"wp-embedded-content\" sandbox=\"allow-scripts\" security=\"restricted\" style=\"position: absolute; clip: rect(1px, 1px, 1px, 1px);\" title=\"\u00abMoreno: mataron a dos hombres en una disputa narco\u00bb \u2014 Sector Prensa\" src=\"https:\/\/sectorprensa.com.ar\/?p=70108&#038;embed=true#?secret=ncUXFvfykZ#?secret=vDVtP52dvG\" data-secret=\"vDVtP52dvG\" width=\"600\" height=\"338\" frameborder=\"0\" marginwidth=\"0\" marginheight=\"0\" scrolling=\"no\"><\/iframe>\n<\/div><\/figure>\n","protected":false},"excerpt":{"rendered":"<p>El hecho comenz\u00f3 cuando efectivos quisieron identificar a dos hombres a bordo de una moto. En lugar de detenerse, uno<\/p>\n","protected":false},"author":6,"featured_media":70147,"comment_status":"closed","ping_status":"closed","sticky":false,"template":"","format":"standard","meta":{"colormag_page_container_layout":"default_layout","colormag_page_sidebar_layout":"default_layout","footnotes":""},"categories":[17,4396,2154,12],"tags":[],"class_list":["post-70146","post","type-post","status-publish","format-standard","has-post-thumbnail","hentry","category-destacadas","category-gral-rodriguez","category-moreno","category-policiales"],"_links":{"self":[{"href":"https:\/\/sectorprensa.com.ar\/index.php?rest_route=\/wp\/v2\/posts\/70146","targetHints":{"allow":["GET"]}}],"collection":[{"href":"https:\/\/sectorprensa.com.ar\/index.php?rest_route=\/wp\/v2\/posts"}],"about":[{"href":"https:\/\/sectorprensa.com.ar\/index.php?rest_route=\/wp\/v2\/types\/post"}],"author":[{"embeddable":true,"href":"https:\/\/sectorprensa.com.ar\/index.php?rest_route=\/wp\/v2\/users\/6"}],"replies":[{"embeddable":true,"href":"https:\/\/sectorprensa.com.ar\/index.php?rest_route=%2Fwp%2Fv2%2Fcomments&post=70146"}],"version-history":[{"count":1,"href":"https:\/\/sectorprensa.com.ar\/index.php?rest_route=\/wp\/v2\/posts\/70146\/revisions"}],"predecessor-version":[{"id":70148,"href":"https:\/\/sectorprensa.com.ar\/index.php?rest_route=\/wp\/v2\/posts\/70146\/revisions\/70148"}],"wp:featuredmedia":[{"embeddable":true,"href":"https:\/\/sectorprensa.com.ar\/index.php?rest_route=\/wp\/v2\/media\/70147"}],"wp:attachment":[{"href":"https:\/\/sectorprensa.com.ar\/index.php?rest_route=%2Fwp%2Fv2%2Fmedia&parent=70146"}],"wp:term":[{"taxonomy":"category","embeddable":true,"href":"https:\/\/sectorprensa.com.ar\/index.php?rest_route=%2Fwp%2Fv2%2Fcategories&post=70146"},{"taxonomy":"post_tag","embeddable":true,"href":"https:\/\/sectorprensa.com.ar\/index.php?rest_route=%2Fwp%2Fv2%2Ftags&post=70146"}],"curies":[{"name":"wp","href":"https:\/\/api.w.org\/{rel}","templated":true}]}}