{"id":70190,"date":"2025-02-05T00:14:42","date_gmt":"2025-02-05T03:14:42","guid":{"rendered":"https:\/\/sectorprensa.com.ar\/?p=70190"},"modified":"2025-02-05T00:14:42","modified_gmt":"2025-02-05T03:14:42","slug":"provincia-el-ministerio-de-trabajo-tiene-nuevo-delegado-de-moron","status":"publish","type":"post","link":"https:\/\/sectorprensa.com.ar\/?p=70190","title":{"rendered":"Provincia: el ministerio de Trabajo tiene nuevo delegado de Mor\u00f3n"},"content":{"rendered":"\n<h6 class=\"wp-block-heading\"><strong>Se trata de David Ponce, que proviene del Sindicato de Empleados Textiles de la Industria y Afines de la Rep\u00fablica Argentina (SETIA).<\/strong><\/h6>\n\n\n\n<p>Ante referentes de las tres centrales sindicales y de numerosas organizaciones gremiales de la regi\u00f3n, este martes el subsecretario de Relaciones del Trabajo, Andr\u00e9s Reveles, puso en funciones al nuevo delegado regional de Mor\u00f3n, David Ponce.<\/p>\n\n\n\n<p>En representaci\u00f3n del ministro de Trabajo, Walter Correa, Reveles destac\u00f3 que \u201ces una alegr\u00eda para el Ministro y para el Gobernador Axel Kicillof, que haya representantes de los trabajadores a cargo de esta dependencia, que es la m\u00e1xima autoridad administrativa del derecho al trabajo en el territorio\u201d.<\/p>\n\n\n\n<p>Por su parte, Ponce manifest\u00f3 sentirse \u201corgulloso y preparado para afrontar este desaf\u00edo\u201d. \u201cEsta es y va a seguir siendo la Casa de los trabajadores, y mi oficina va a ser una oficina de puertas abiertas a todas y todos\u201d.<\/p>\n\n\n\n<p>Adem\u00e1s, de los dirigentes del movimiento obrero, tambi\u00e9n estuvieron presentes: por parte de la cartera laboral, el Coordinador de la Zona III, Sebasti\u00e1n Della Porta y por el municipio, el secretario de Legal y T\u00e9cnica, Hern\u00e1n Sabbatella.<\/p>\n\n\n\n<figure class=\"wp-block-image size-full\"><img loading=\"lazy\" decoding=\"async\" width=\"640\" height=\"380\" src=\"https:\/\/sectorprensa.com.ar\/wp-content\/uploads\/2025\/02\/Captura-de-pantalla-2025-02-04-193619.png\" alt=\"\" class=\"wp-image-70191\" srcset=\"https:\/\/sectorprensa.com.ar\/wp-content\/uploads\/2025\/02\/Captura-de-pantalla-2025-02-04-193619.png 640w, https:\/\/sectorprensa.com.ar\/wp-content\/uploads\/2025\/02\/Captura-de-pantalla-2025-02-04-193619-300x178.png 300w\" sizes=\"auto, (max-width: 640px) 100vw, 640px\" \/><\/figure>\n\n\n\n<figure class=\"wp-block-embed is-type-wp-embed is-provider-sector-prensa wp-block-embed-sector-prensa\"><div class=\"wp-block-embed__wrapper\">\n<blockquote class=\"wp-embedded-content\" data-secret=\"5H2ocNxxif\"><a href=\"https:\/\/sectorprensa.com.ar\/?p=70087\">La Provincia convoc\u00f3 a paritarias a los estatales para el 5 de febrero<\/a><\/blockquote><iframe loading=\"lazy\" class=\"wp-embedded-content\" sandbox=\"allow-scripts\" security=\"restricted\" style=\"position: absolute; clip: rect(1px, 1px, 1px, 1px);\" title=\"\u00abLa Provincia convoc\u00f3 a paritarias a los estatales para el 5 de febrero\u00bb \u2014 Sector Prensa\" src=\"https:\/\/sectorprensa.com.ar\/?p=70087&#038;embed=true#?secret=xIaiatHnly#?secret=5H2ocNxxif\" data-secret=\"5H2ocNxxif\" width=\"600\" height=\"338\" frameborder=\"0\" marginwidth=\"0\" marginheight=\"0\" scrolling=\"no\"><\/iframe>\n<\/div><\/figure>\n","protected":false},"excerpt":{"rendered":"<p>Se trata de David Ponce, que proviene del Sindicato de Empleados Textiles de la Industria y Afines de la Rep\u00fablica<\/p>\n","protected":false},"author":6,"featured_media":70192,"comment_status":"closed","ping_status":"closed","sticky":false,"template":"","format":"standard","meta":{"colormag_page_container_layout":"default_layout","colormag_page_sidebar_layout":"default_layout","footnotes":""},"categories":[17,5,8,18],"tags":[],"class_list":["post-70190","post","type-post","status-publish","format-standard","has-post-thumbnail","hentry","category-destacadas","category-moron","category-politica","category-provincia"],"_links":{"self":[{"href":"https:\/\/sectorprensa.com.ar\/index.php?rest_route=\/wp\/v2\/posts\/70190","targetHints":{"allow":["GET"]}}],"collection":[{"href":"https:\/\/sectorprensa.com.ar\/index.php?rest_route=\/wp\/v2\/posts"}],"about":[{"href":"https:\/\/sectorprensa.com.ar\/index.php?rest_route=\/wp\/v2\/types\/post"}],"author":[{"embeddable":true,"href":"https:\/\/sectorprensa.com.ar\/index.php?rest_route=\/wp\/v2\/users\/6"}],"replies":[{"embeddable":true,"href":"https:\/\/sectorprensa.com.ar\/index.php?rest_route=%2Fwp%2Fv2%2Fcomments&post=70190"}],"version-history":[{"count":1,"href":"https:\/\/sectorprensa.com.ar\/index.php?rest_route=\/wp\/v2\/posts\/70190\/revisions"}],"predecessor-version":[{"id":70193,"href":"https:\/\/sectorprensa.com.ar\/index.php?rest_route=\/wp\/v2\/posts\/70190\/revisions\/70193"}],"wp:featuredmedia":[{"embeddable":true,"href":"https:\/\/sectorprensa.com.ar\/index.php?rest_route=\/wp\/v2\/media\/70192"}],"wp:attachment":[{"href":"https:\/\/sectorprensa.com.ar\/index.php?rest_route=%2Fwp%2Fv2%2Fmedia&parent=70190"}],"wp:term":[{"taxonomy":"category","embeddable":true,"href":"https:\/\/sectorprensa.com.ar\/index.php?rest_route=%2Fwp%2Fv2%2Fcategories&post=70190"},{"taxonomy":"post_tag","embeddable":true,"href":"https:\/\/sectorprensa.com.ar\/index.php?rest_route=%2Fwp%2Fv2%2Ftags&post=70190"}],"curies":[{"name":"wp","href":"https:\/\/api.w.org\/{rel}","templated":true}]}}