{"id":70246,"date":"2025-02-07T10:35:55","date_gmt":"2025-02-07T13:35:55","guid":{"rendered":"https:\/\/sectorprensa.com.ar\/?p=70246"},"modified":"2025-02-07T10:35:56","modified_gmt":"2025-02-07T13:35:56","slug":"diputados-le-dio-media-sancion-al-proyecto-de-suspension-de-las-paso","status":"publish","type":"post","link":"https:\/\/sectorprensa.com.ar\/?p=70246","title":{"rendered":"Diputados le dio media sanci\u00f3n al proyecto de suspensi\u00f3n de las PASO"},"content":{"rendered":"\n<h6 class=\"wp-block-heading\"><strong>La C\u00e1mara baja vot\u00f3 el proyecto de reforma pol\u00edtica electoral que deja sin efecto la instancia de comicios primarios. Ahora, la discusi\u00f3n en sesiones extraordinarias se traslada al Senado.<\/strong><\/h6>\n\n\n\n<p>La C\u00e1mara de Diputados aprob\u00f3 y gir\u00f3 al Senado el proyecto de reforma pol\u00edtica electoral que suspende las Primarias, Abiertas, Simult\u00e1neas y Obligatorias (PASO).<\/p>\n\n\n\n<p>Tras la ajustada b\u00fasqueda de votos por parte del oficialismo para alcanzar el qu\u00f3rum e iniciar el debate,&nbsp;la iniciativa se aprob\u00f3 por amplia mayor\u00eda: cont\u00f3 con 162 voluntades a favor, 55 en contra y 28 abstenciones.<\/p>\n\n\n\n<p>Impulsada por La Libertad Avanza, la propuesta cont\u00f3 con la adhesi\u00f3n del PRO, Encuentro Federal, el radicalismo y gener\u00f3 posiciones contrapuestas en la Uni\u00f3n por la Patria.<\/p>\n\n\n\n<p>En t\u00e9rminos num\u00e9ricos, desde LLA remarcaron que&nbsp;el ahorro econ\u00f3mico de suspender las PASO, ser\u00e1 de 150 millones de d\u00f3lares.<\/p>\n\n\n\n<p>Por el contrario, el kirchnerismo y la izquierda condenaron la discusi\u00f3n de un tema \u201calejado de las prioridades\u201d de la ciudadan\u00eda y reclamaron tratar el&nbsp;Presupuesto 2025, pese a que no fue incluido por el Gobierno en el temario de sesiones extraordinarias.<\/p>\n\n\n\n<figure class=\"wp-block-embed is-type-wp-embed is-provider-sector-prensa wp-block-embed-sector-prensa\"><div class=\"wp-block-embed__wrapper\">\n<blockquote class=\"wp-embedded-content\" data-secret=\"GENfvyRe0d\"><a href=\"https:\/\/sectorprensa.com.ar\/?p=70207\">Eduardo Vald\u00e9s: \u201cTenemos que pelear para que haya ley de Presupuesto y no los caprichos de Milei\u201d<\/a><\/blockquote><iframe loading=\"lazy\" class=\"wp-embedded-content\" sandbox=\"allow-scripts\" security=\"restricted\" style=\"position: absolute; clip: rect(1px, 1px, 1px, 1px);\" title=\"\u00abEduardo Vald\u00e9s: \u201cTenemos que pelear para que haya ley de Presupuesto y no los caprichos de Milei\u201d\u00bb \u2014 Sector Prensa\" src=\"https:\/\/sectorprensa.com.ar\/?p=70207&#038;embed=true#?secret=UxOKcDboto#?secret=GENfvyRe0d\" data-secret=\"GENfvyRe0d\" width=\"600\" height=\"338\" frameborder=\"0\" marginwidth=\"0\" marginheight=\"0\" scrolling=\"no\"><\/iframe>\n<\/div><\/figure>\n","protected":false},"excerpt":{"rendered":"<p>La C\u00e1mara baja vot\u00f3 el proyecto de reforma pol\u00edtica electoral que deja sin efecto la instancia de comicios primarios. Ahora,<\/p>\n","protected":false},"author":6,"featured_media":70247,"comment_status":"closed","ping_status":"closed","sticky":false,"template":"","format":"standard","meta":{"colormag_page_container_layout":"default_layout","colormag_page_sidebar_layout":"default_layout","footnotes":""},"categories":[17,8],"tags":[],"class_list":["post-70246","post","type-post","status-publish","format-standard","has-post-thumbnail","hentry","category-destacadas","category-politica"],"_links":{"self":[{"href":"https:\/\/sectorprensa.com.ar\/index.php?rest_route=\/wp\/v2\/posts\/70246","targetHints":{"allow":["GET"]}}],"collection":[{"href":"https:\/\/sectorprensa.com.ar\/index.php?rest_route=\/wp\/v2\/posts"}],"about":[{"href":"https:\/\/sectorprensa.com.ar\/index.php?rest_route=\/wp\/v2\/types\/post"}],"author":[{"embeddable":true,"href":"https:\/\/sectorprensa.com.ar\/index.php?rest_route=\/wp\/v2\/users\/6"}],"replies":[{"embeddable":true,"href":"https:\/\/sectorprensa.com.ar\/index.php?rest_route=%2Fwp%2Fv2%2Fcomments&post=70246"}],"version-history":[{"count":1,"href":"https:\/\/sectorprensa.com.ar\/index.php?rest_route=\/wp\/v2\/posts\/70246\/revisions"}],"predecessor-version":[{"id":70248,"href":"https:\/\/sectorprensa.com.ar\/index.php?rest_route=\/wp\/v2\/posts\/70246\/revisions\/70248"}],"wp:featuredmedia":[{"embeddable":true,"href":"https:\/\/sectorprensa.com.ar\/index.php?rest_route=\/wp\/v2\/media\/70247"}],"wp:attachment":[{"href":"https:\/\/sectorprensa.com.ar\/index.php?rest_route=%2Fwp%2Fv2%2Fmedia&parent=70246"}],"wp:term":[{"taxonomy":"category","embeddable":true,"href":"https:\/\/sectorprensa.com.ar\/index.php?rest_route=%2Fwp%2Fv2%2Fcategories&post=70246"},{"taxonomy":"post_tag","embeddable":true,"href":"https:\/\/sectorprensa.com.ar\/index.php?rest_route=%2Fwp%2Fv2%2Ftags&post=70246"}],"curies":[{"name":"wp","href":"https:\/\/api.w.org\/{rel}","templated":true}]}}