{"id":70262,"date":"2025-02-09T11:34:55","date_gmt":"2025-02-09T14:34:55","guid":{"rendered":"https:\/\/sectorprensa.com.ar\/?p=70262"},"modified":"2025-02-09T11:35:11","modified_gmt":"2025-02-09T14:35:11","slug":"encuentro-interjurisdiccional-contra-el-flagelo-de-la-droga-en-merlo-el-abordaje-debe-ser-integral","status":"publish","type":"post","link":"https:\/\/sectorprensa.com.ar\/?p=70262","title":{"rendered":"Encuentro Interjurisdiccional contra el Flagelo de la Droga en Merlo: \u201cEl abordaje debe ser integral\u201d"},"content":{"rendered":"\n<h6 class=\"wp-block-heading\"><strong>El Municipio fue sede del 1er Encuentro, donde se abord\u00f3 la problem\u00e1tica del narcotr\u00e1fico y las adicciones. Estuvieron presentes funcionarios municipales, provinciales y nacionales.<\/strong><\/h6>\n\n\n\n<p>El Municipio de Merlo fue sede del 1er Encuentro Interjurisdiccional contra el Flagelo de la Droga donde se abord\u00f3 la problem\u00e1tica del narcotr\u00e1fico y las adicciones en la Colonial.<\/p>\n\n\n\n<p>La jornada tuvo la participaci\u00f3n del Intendente Gustavo Men\u00e9ndez, representantes de organismos provinciales, nacionales y municipales, junto a instituciones religiosas y organizaciones de la sociedad civil.<\/p>\n\n\n\n<p>\u201cEl objetivo principal del encuentro fue generar un espacio de debate e intercambio de estrategias para fortalecer las pol\u00edticas de prevenci\u00f3n, contenci\u00f3n y lucha contra el narcotr\u00e1fico en la Provincia de Buenos Aires. Durante la jornada, se discutieron iniciativas interinstitucionales y se compartieron experiencias en el abordaje de la problem\u00e1tica desde diferentes \u00e1mbitos\u201d, inform\u00f3 el Municipio.<\/p>\n\n\n\n<p>Gustavo Men\u00e9ndez manifest\u00f3 que \u201cel abordaje debe ser multisectorial y multijurisdiccional, porque a veces nos perdemos solamente atacando lo punitivo desde las distintas \u00e1reas del gobierno, pero el abordaje debe ser integral\u201d.<\/p>\n\n\n\n<p>Asimismo, el jefe comunal recalc\u00f3 que \u201cesta jornada fue solamente el puntapi\u00e9 inicial pero que ma\u00f1ana y todos los d\u00edas se sigue trabajando\u201d.<\/p>\n\n\n\n<figure class=\"wp-block-embed is-type-video is-provider-youtube wp-block-embed-youtube wp-embed-aspect-16-9 wp-has-aspect-ratio\"><div class=\"wp-block-embed__wrapper\">\n<iframe loading=\"lazy\" title=\"MERLO: Encuentro contra el flagelo de la DROGA\" width=\"800\" height=\"450\" src=\"https:\/\/www.youtube.com\/embed\/ir9QcK54JuI?feature=oembed\" frameborder=\"0\" allow=\"accelerometer; autoplay; clipboard-write; encrypted-media; gyroscope; picture-in-picture; web-share\" referrerpolicy=\"strict-origin-when-cross-origin\" allowfullscreen><\/iframe>\n<\/div><\/figure>\n\n\n\n<p>En el mismo sentido, la diputada nacional Juliana Di Tullio, expres\u00f3: \u201cSi alguien cree que desde la legislaci\u00f3n nacional se puede prevenir el delito, se puede prevenir o se puede combatir el delito, bueno, estamos abiertos\u201d.<\/p>\n\n\n\n<p>El ministro de Seguridad provincial, Javier Alonso asegur\u00f3 que \u201cnuestro compromiso tiene que ver con que un vecino le comunica algo al intendente, nos ponemos en contacto y armamos este tipo de situaciones. Y esto pasa en cada uno de los 135 municipios. No hay un intendente de cualquier signo pol\u00edtico que no diga que no trabaja de la misma manera con el Ministerio de Seguridad de la Provincia\u201d.<\/p>\n\n\n\n<p>\u201cTenemos que fortalecer la prevenci\u00f3n como lo venimos haciendo. Tenemos que seguir trabajando en esta v\u00eda y lo que necesitamos es que aquellos que delinquen y que ponemos a disposici\u00f3n de la justicia terminen presos\u201d, finaliz\u00f3 Javier Alonso.<\/p>\n\n\n\n<p>Se destac\u00f3 la presencia del ministro de Justicia y Derechos Humanos de la Provincia de Buenos Aires, Juan Mart\u00edn Mena; el ministro de Educaci\u00f3n, Alberto Sileoni; representantes del Ministerio P\u00fablico de la Provincia de Buenos Aires y el Ministerio de Salud bonaerense.<\/p>\n\n\n\n<p>Tambi\u00e9n participaron legisladores nacionales, provinciales y municipales, el diputado provincial Gustavo Soos y la diputada nacional Roxana Monz\u00f3n.<\/p>\n\n\n\n<figure class=\"wp-block-embed is-type-wp-embed is-provider-sector-prensa wp-block-embed-sector-prensa\"><div class=\"wp-block-embed__wrapper\">\n<blockquote class=\"wp-embedded-content\" data-secret=\"nvgOCsVKs5\"><a href=\"https:\/\/sectorprensa.com.ar\/?p=70180\">Gustavo Men\u00e9ndez: \u201cSe nota mucho la ca\u00edda del consumo\u201d<\/a><\/blockquote><iframe loading=\"lazy\" class=\"wp-embedded-content\" sandbox=\"allow-scripts\" security=\"restricted\" style=\"position: absolute; clip: rect(1px, 1px, 1px, 1px);\" title=\"\u00abGustavo Men\u00e9ndez: \u201cSe nota mucho la ca\u00edda del consumo\u201d\u00bb \u2014 Sector Prensa\" src=\"https:\/\/sectorprensa.com.ar\/?p=70180&#038;embed=true#?secret=QNAToFFcjo#?secret=nvgOCsVKs5\" data-secret=\"nvgOCsVKs5\" width=\"600\" height=\"338\" frameborder=\"0\" marginwidth=\"0\" marginheight=\"0\" scrolling=\"no\"><\/iframe>\n<\/div><\/figure>\n","protected":false},"excerpt":{"rendered":"<p>El Municipio fue sede del 1er Encuentro, donde se abord\u00f3 la problem\u00e1tica del narcotr\u00e1fico y las adicciones. Estuvieron presentes funcionarios<\/p>\n","protected":false},"author":6,"featured_media":70263,"comment_status":"closed","ping_status":"closed","sticky":false,"template":"","format":"standard","meta":{"colormag_page_container_layout":"default_layout","colormag_page_sidebar_layout":"default_layout","footnotes":""},"categories":[6828,7,1173,8,10],"tags":[],"class_list":["post-70262","post","type-post","status-publish","format-standard","has-post-thumbnail","hentry","category-mas-destacadas","category-merlo","category-municipales","category-politica","category-sociedad"],"_links":{"self":[{"href":"https:\/\/sectorprensa.com.ar\/index.php?rest_route=\/wp\/v2\/posts\/70262","targetHints":{"allow":["GET"]}}],"collection":[{"href":"https:\/\/sectorprensa.com.ar\/index.php?rest_route=\/wp\/v2\/posts"}],"about":[{"href":"https:\/\/sectorprensa.com.ar\/index.php?rest_route=\/wp\/v2\/types\/post"}],"author":[{"embeddable":true,"href":"https:\/\/sectorprensa.com.ar\/index.php?rest_route=\/wp\/v2\/users\/6"}],"replies":[{"embeddable":true,"href":"https:\/\/sectorprensa.com.ar\/index.php?rest_route=%2Fwp%2Fv2%2Fcomments&post=70262"}],"version-history":[{"count":1,"href":"https:\/\/sectorprensa.com.ar\/index.php?rest_route=\/wp\/v2\/posts\/70262\/revisions"}],"predecessor-version":[{"id":70264,"href":"https:\/\/sectorprensa.com.ar\/index.php?rest_route=\/wp\/v2\/posts\/70262\/revisions\/70264"}],"wp:featuredmedia":[{"embeddable":true,"href":"https:\/\/sectorprensa.com.ar\/index.php?rest_route=\/wp\/v2\/media\/70263"}],"wp:attachment":[{"href":"https:\/\/sectorprensa.com.ar\/index.php?rest_route=%2Fwp%2Fv2%2Fmedia&parent=70262"}],"wp:term":[{"taxonomy":"category","embeddable":true,"href":"https:\/\/sectorprensa.com.ar\/index.php?rest_route=%2Fwp%2Fv2%2Fcategories&post=70262"},{"taxonomy":"post_tag","embeddable":true,"href":"https:\/\/sectorprensa.com.ar\/index.php?rest_route=%2Fwp%2Fv2%2Ftags&post=70262"}],"curies":[{"name":"wp","href":"https:\/\/api.w.org\/{rel}","templated":true}]}}