{"id":70265,"date":"2025-02-10T08:54:00","date_gmt":"2025-02-10T11:54:00","guid":{"rendered":"https:\/\/sectorprensa.com.ar\/?p=70265"},"modified":"2025-02-11T08:57:09","modified_gmt":"2025-02-11T11:57:09","slug":"lucas-ghi-mantuvo-una-reunion-con-carlos-bianco-para-profundizar-las-obras-en-moron","status":"publish","type":"post","link":"https:\/\/sectorprensa.com.ar\/?p=70265","title":{"rendered":"Lucas Ghi mantuvo una reuni\u00f3n con Carlos Bianco para profundizar las obras en Mor\u00f3n"},"content":{"rendered":"\n<h6 class=\"wp-block-heading\"><strong>El jefe comunal y el ministro bonaerense repasaron la agenda de intervenciones que actualmente se implementan en Mor\u00f3n. Adem\u00e1s, analizaron nuevas obras para El Palomar.<\/strong><\/h6>\n\n\n\n<p id=\"2f17\">El intendente de Mor\u00f3n, Lucas Ghi, se reuni\u00f3 con el ministro de Gobierno bonaerense, Carlos Bianco, para repasar las obras en marcha que la Provincia de Buenos Aires realiza en el distrito. Adem\u00e1s, analizaron posibles intervenciones en los barrios Carlos Gardel y Presidente Sarmiento, de El Palomar.<\/p>\n\n\n\n<p id=\"1d94\">De la reuni\u00f3n tambi\u00e9n participaron la titular del Organismo Provincial de Intervenci\u00f3n Social y Urbana (OPISU), Romina Barrios, y la secretaria de Unidad Intendente local, Estefan\u00eda Franco.<\/p>\n\n\n\n<p id=\"44e8\">\u201cCon la provincia seguimos ejecutando obras para mejorar la calidad de vida de la poblaci\u00f3n en este complejo contexto econ\u00f3mico y social\u201d,\u00a0sostuvo Ghi al finalizar la reuni\u00f3n.<\/p>\n\n\n\n<p id=\"bd1c\">Por su parte, el ministro Bianco detall\u00f3 que el encuentro tuvo como objetivo\u00a0\u201cprofundizar el trabajo conjunto\u201d\u00a0que el OPISU lleva a cabo en el municipio. Adem\u00e1s de\u00a0\u201crepasar las acciones ya realizadas, proyectamos intervenciones en los barrios Carlos Gardel y Presidente Sarmiento. A diferencia del abandono del Gobierno nacional, desde la Provincia continuamos ejecutando obras para mejorar la calidad de vida de la poblaci\u00f3n bonaerense en este complejo contexto econ\u00f3mico y social\u201d,\u00a0agreg\u00f3.<\/p>\n\n\n\n<p id=\"d607\">\u201cEl Municipio de Mor\u00f3n articula diversas intervenciones en los barrios Carlos Gardel y Presidente Sarmiento con el organismo provincial, como la construcci\u00f3n de un polideportivo, la puesta en valor del Paseo de la Memoria y del Mercado Gardel. Adem\u00e1s, se promueven acciones de limpieza, saneamiento y mantenimiento para mejorar la calidad de vida de m\u00e1s de 8 mil vecinos y vecinas\u201d, inform\u00f3 el Municipio.<\/p>\n\n\n\n<p id=\"a3ff\">En tanto, la titular del OPISU detall\u00f3 que\u00a0\u201cactualmente llevamos adelante la recuperaci\u00f3n de monoblocks y espacios comunes, a trav\u00e9s del traslado de tanques de agua, la reconstrucci\u00f3n del sistema pluvial y alumbrado p\u00fablico\u201d.<\/p>\n","protected":false},"excerpt":{"rendered":"<p>El jefe comunal y el ministro bonaerense repasaron la agenda de intervenciones que actualmente se implementan en Mor\u00f3n. Adem\u00e1s, analizaron<\/p>\n","protected":false},"author":6,"featured_media":70266,"comment_status":"closed","ping_status":"closed","sticky":false,"template":"","format":"standard","meta":{"colormag_page_container_layout":"default_layout","colormag_page_sidebar_layout":"default_layout","footnotes":""},"categories":[17,5,1173,8],"tags":[],"class_list":["post-70265","post","type-post","status-publish","format-standard","has-post-thumbnail","hentry","category-destacadas","category-moron","category-municipales","category-politica"],"_links":{"self":[{"href":"https:\/\/sectorprensa.com.ar\/index.php?rest_route=\/wp\/v2\/posts\/70265","targetHints":{"allow":["GET"]}}],"collection":[{"href":"https:\/\/sectorprensa.com.ar\/index.php?rest_route=\/wp\/v2\/posts"}],"about":[{"href":"https:\/\/sectorprensa.com.ar\/index.php?rest_route=\/wp\/v2\/types\/post"}],"author":[{"embeddable":true,"href":"https:\/\/sectorprensa.com.ar\/index.php?rest_route=\/wp\/v2\/users\/6"}],"replies":[{"embeddable":true,"href":"https:\/\/sectorprensa.com.ar\/index.php?rest_route=%2Fwp%2Fv2%2Fcomments&post=70265"}],"version-history":[{"count":1,"href":"https:\/\/sectorprensa.com.ar\/index.php?rest_route=\/wp\/v2\/posts\/70265\/revisions"}],"predecessor-version":[{"id":70267,"href":"https:\/\/sectorprensa.com.ar\/index.php?rest_route=\/wp\/v2\/posts\/70265\/revisions\/70267"}],"wp:featuredmedia":[{"embeddable":true,"href":"https:\/\/sectorprensa.com.ar\/index.php?rest_route=\/wp\/v2\/media\/70266"}],"wp:attachment":[{"href":"https:\/\/sectorprensa.com.ar\/index.php?rest_route=%2Fwp%2Fv2%2Fmedia&parent=70265"}],"wp:term":[{"taxonomy":"category","embeddable":true,"href":"https:\/\/sectorprensa.com.ar\/index.php?rest_route=%2Fwp%2Fv2%2Fcategories&post=70265"},{"taxonomy":"post_tag","embeddable":true,"href":"https:\/\/sectorprensa.com.ar\/index.php?rest_route=%2Fwp%2Fv2%2Ftags&post=70265"}],"curies":[{"name":"wp","href":"https:\/\/api.w.org\/{rel}","templated":true}]}}