{"id":70268,"date":"2025-02-10T10:20:26","date_gmt":"2025-02-10T13:20:26","guid":{"rendered":"https:\/\/sectorprensa.com.ar\/?p=70268"},"modified":"2025-02-10T10:20:26","modified_gmt":"2025-02-10T13:20:26","slug":"mas-patrullaje-y-controles-para-fortalecer-la-seguridad-en-moreno","status":"publish","type":"post","link":"https:\/\/sectorprensa.com.ar\/?p=70268","title":{"rendered":"M\u00e1s patrullaje y controles para fortalecer la seguridad en Moreno"},"content":{"rendered":"\n<h6 class=\"wp-block-heading\"><strong>Con el objetivo de prevenir el delito, el Municipio, junto al Ministerio de Seguridad provincial, lleva a cabo operativos en distintos puntos del distrito.<\/strong><\/h6>\n\n\n\n<p>El Municipio de Moreno, a trav\u00e9s de la Secretar\u00eda de Seguridad en coordinaci\u00f3n con el Ministerio de Seguridad provincial, lleva adelante una serie de operativos de prevenci\u00f3n en distintos puntos del distrito con el objetivo de reforzar el control vehicular y prevenir el delito.<\/p>\n\n\n\n<p>Las acciones iniciaron con un operativo de control vehicular en Moreno Centro, desarrollado en conjunto entre la Secretar\u00eda de Seguridad, la Secretar\u00eda de Tr\u00e1nsito y Transporte y la Jefatura Departamental.<\/p>\n\n\n\n<p>A su vez, fuerzas especiales de la Provincia de Buenos Aires despliegan controles en diversos puntos estrat\u00e9gicos del Municipio. El d\u00eda jueves, realizaron operativos est\u00e1ticos y din\u00e1micos en Francisco \u00c1lvarez y Cuartel V, que fueron supervisados por el Secretario de Seguridad del Municipio de Moreno, Ismael Castro, junto a la Directora de Coordinaci\u00f3n del Ministerio de Seguridad, Sandra Scianca, quienes destacaron el refuerzo de la seguridad del distrito.<\/p>\n\n\n\n<p>\u201cEn el marco de estas medidas, se concret\u00f3 la renovaci\u00f3n de la flota del Comando de Patrullas de Moreno con la incorporaci\u00f3n de 21 nuevos m\u00f3viles, de los cuales seis fueron adquiridos por el gobierno local por decisi\u00f3n de la intendenta, Mariel Fern\u00e1ndez. Este refuerzo permite cubrir la totalidad de las cuadr\u00edculas del distrito y reemplazar unidades que, debido a la constante actividad y persecuci\u00f3n del delito, presentaban un alto nivel de desgaste\u201d, inform\u00f3 el Municipio.<\/p>\n\n\n\n<p>Adem\u00e1s, se sumaron fuerzas especiales en distintos puntos del territorio y motoveh\u00edculos del Grupo de Operaciones Motorizadas (GOM), distribuidos en funci\u00f3n de los an\u00e1lisis estrat\u00e9gicos de seguridad realizados en conjunto entre el Municipio, la Polic\u00eda Bonaerense y el Ministerio de Seguridad provincial.<\/p>\n\n\n\n<figure class=\"wp-block-embed is-type-wp-embed is-provider-sector-prensa wp-block-embed-sector-prensa\"><div class=\"wp-block-embed__wrapper\">\n<blockquote class=\"wp-embedded-content\" data-secret=\"NQ9JRUS3pG\"><a href=\"https:\/\/sectorprensa.com.ar\/?p=70170\">Lilia Lemoine, en la marcha por el homicidio de Lucas Aguilar en Moreno: \u201cQue alguien haga algo\u201d<\/a><\/blockquote><iframe loading=\"lazy\" class=\"wp-embedded-content\" sandbox=\"allow-scripts\" security=\"restricted\" style=\"position: absolute; clip: rect(1px, 1px, 1px, 1px);\" title=\"\u00abLilia Lemoine, en la marcha por el homicidio de Lucas Aguilar en Moreno: \u201cQue alguien haga algo\u201d\u00bb \u2014 Sector Prensa\" src=\"https:\/\/sectorprensa.com.ar\/?p=70170&#038;embed=true#?secret=jogqvbUJ4v#?secret=NQ9JRUS3pG\" data-secret=\"NQ9JRUS3pG\" width=\"600\" height=\"338\" frameborder=\"0\" marginwidth=\"0\" marginheight=\"0\" scrolling=\"no\"><\/iframe>\n<\/div><\/figure>\n","protected":false},"excerpt":{"rendered":"<p>Con el objetivo de prevenir el delito, el Municipio, junto al Ministerio de Seguridad provincial, lleva a cabo operativos en<\/p>\n","protected":false},"author":6,"featured_media":70269,"comment_status":"closed","ping_status":"closed","sticky":false,"template":"","format":"standard","meta":{"colormag_page_container_layout":"default_layout","colormag_page_sidebar_layout":"default_layout","footnotes":""},"categories":[17,2154,1173,12,8,10],"tags":[],"class_list":["post-70268","post","type-post","status-publish","format-standard","has-post-thumbnail","hentry","category-destacadas","category-moreno","category-municipales","category-policiales","category-politica","category-sociedad"],"_links":{"self":[{"href":"https:\/\/sectorprensa.com.ar\/index.php?rest_route=\/wp\/v2\/posts\/70268","targetHints":{"allow":["GET"]}}],"collection":[{"href":"https:\/\/sectorprensa.com.ar\/index.php?rest_route=\/wp\/v2\/posts"}],"about":[{"href":"https:\/\/sectorprensa.com.ar\/index.php?rest_route=\/wp\/v2\/types\/post"}],"author":[{"embeddable":true,"href":"https:\/\/sectorprensa.com.ar\/index.php?rest_route=\/wp\/v2\/users\/6"}],"replies":[{"embeddable":true,"href":"https:\/\/sectorprensa.com.ar\/index.php?rest_route=%2Fwp%2Fv2%2Fcomments&post=70268"}],"version-history":[{"count":1,"href":"https:\/\/sectorprensa.com.ar\/index.php?rest_route=\/wp\/v2\/posts\/70268\/revisions"}],"predecessor-version":[{"id":70270,"href":"https:\/\/sectorprensa.com.ar\/index.php?rest_route=\/wp\/v2\/posts\/70268\/revisions\/70270"}],"wp:featuredmedia":[{"embeddable":true,"href":"https:\/\/sectorprensa.com.ar\/index.php?rest_route=\/wp\/v2\/media\/70269"}],"wp:attachment":[{"href":"https:\/\/sectorprensa.com.ar\/index.php?rest_route=%2Fwp%2Fv2%2Fmedia&parent=70268"}],"wp:term":[{"taxonomy":"category","embeddable":true,"href":"https:\/\/sectorprensa.com.ar\/index.php?rest_route=%2Fwp%2Fv2%2Fcategories&post=70268"},{"taxonomy":"post_tag","embeddable":true,"href":"https:\/\/sectorprensa.com.ar\/index.php?rest_route=%2Fwp%2Fv2%2Ftags&post=70268"}],"curies":[{"name":"wp","href":"https:\/\/api.w.org\/{rel}","templated":true}]}}