{"id":70291,"date":"2025-02-10T10:20:14","date_gmt":"2025-02-10T13:20:14","guid":{"rendered":"https:\/\/sectorprensa.com.ar\/?p=70291"},"modified":"2025-02-10T10:20:14","modified_gmt":"2025-02-10T13:20:14","slug":"axel-kicillof-le-respondio-a-javier-milei-cuando-se-salga-del-cepo-habra-devaluacion","status":"publish","type":"post","link":"https:\/\/sectorprensa.com.ar\/?p=70291","title":{"rendered":"Axel Kicillof le respondi\u00f3 a Javier Milei: \u201cCuando se salga del cepo habr\u00e1 devaluaci\u00f3n\u201d"},"content":{"rendered":"\n<h6 class=\"wp-block-heading\"><strong>El gobernador dijo que el Presidente y el ministro Luis Caputo, \u201cafirman dos cosas que son contradictorias entre s\u00ed: que no devaluar\u00e1n y que saldr\u00e1n del cepo\u201d, ya que \u201calguna de las dos promesas es necesariamente falsa\u201d.<\/strong><\/h6>\n\n\n\n<p>El gobernador de la provincia de Buenos Aires, Axel Kicillof, analiz\u00f3 el devenir de la econom\u00eda y asegur\u00f3 que las promesas que sostienen el presidente, Javier Milei, y el ministro de Econom\u00eda, Luis Caputo, de no devaluar y levantar el cepo son contradictorias, indicando que alguna es \u201cnecesariamente falsa\u201d.<\/p>\n\n\n\n<p>La evaluaci\u00f3n del cuadro de situaci\u00f3n, por parte del gobernador bonaerense, parte de mantener una coincidencia de concepto con el presidente Milei respecto a lo \u201cesot\u00e9rico\u201d que rodea al t\u00e9rmino \u201ctipo de cambio real de equilibrio\u201d, pero difiere en la aplicaci\u00f3n del sentido que le otorga el l\u00edder libertario al asegurar que no contempla el componente de \u201cla realidad\u201d.<\/p>\n\n\n\n<p>Como manera de explicar la ausencia del citado factor en la visi\u00f3n presidencial, Kicillof apel\u00f3 a una serie de ejemplos. Por un lado, mencion\u00f3 la situaci\u00f3n que est\u00e1n atravesando los productos exportables, incluidos cultivos, al ser desechados ya que por el valor del d\u00f3lar pas\u00f3 a ser \u201cno rentable\u201d; los precios m\u00e1s baratos en los pa\u00edses fronterizos; y la apreciaci\u00f3n de la moneda seg\u00fan el \u00cdndice Big Mac.<\/p>\n\n\n\n<figure class=\"wp-block-embed is-type-rich is-provider-twitter wp-block-embed-twitter\"><div class=\"wp-block-embed__wrapper\">\n<blockquote class=\"twitter-tweet\" data-width=\"550\" data-dnt=\"true\"><p lang=\"es\" dir=\"ltr\">Milei firm\u00f3 ayer una cr\u00edptica nota en la que intenta tapar el sol con la mano. Dec\u00eda Jauretche: \u201cEn econom\u00eda no hay nada misterioso ni inaccesible al entendimiento del hombre de la calle. Si hay un misterio, reside en el oculto prop\u00f3sito que puede perseguir el economista y que no\u2026<\/p>&mdash; Axel Kicillof (@Kicillofok) <a href=\"https:\/\/twitter.com\/Kicillofok\/status\/1888570847176130572?ref_src=twsrc%5Etfw\">February 9, 2025<\/a><\/blockquote><script async src=\"https:\/\/platform.twitter.com\/widgets.js\" charset=\"utf-8\"><\/script>\n<\/div><\/figure>\n\n\n\n<p>Por otro lado, sostuvo que \u201csi el tipo de cambio no estuviera apreciado, Milei podr\u00eda sacar el cepo, dejar de intervenir en el mercado cambiario y dejar flotar la moneda\u201d y sum\u00f3 las recientes declaraciones de Caputo sobre el tema en las que afirm\u00f3 que \u201cel d\u00f3lar no est\u00e1 atrasado, sino que los precios est\u00e1n adelantados\u201d.<\/p>\n\n\n\n<p>En su an\u00e1lisis, compartido este domingo a trav\u00e9s de una columna de opini\u00f3n en el portal Infobae, el gobernador expres\u00f3 que le preocupa \u201cc\u00f3mo se sostiene el s\u00faper peso que tenemos hoy o, lo que es lo mismo, el d\u00f3lar barato\u201d. Al respecto, manifest\u00f3 que \u201cpara sostener un d\u00f3lar artificialmente barato, hace falta que el Estado ofrezca d\u00f3lares en abundancia a un precio falso\u201d.<\/p>\n\n\n\n<p>En este sentido, record\u00f3 que \u201cdurante el 1 a 1 de la convertibilidad, se recurri\u00f3 al endeudamiento externo y a la venta de activos p\u00fablicos (privatizaciones) a precio vil\u201d, para remarcar que \u201cen el caso de Milei, la tarea es algo m\u00e1s sencilla, porque el cepo limita la demanda\u201d, se\u00f1alando que \u201cutiliza reservas para intervenir en los paralelos\u201d.<\/p>\n\n\n\n<p>Acerca de lo descripto, precis\u00f3 que \u201clos d\u00f3lares que se patin\u00f3 hasta ahora provinieron del blanqueo, algo de endeudamiento externo, la liquidaci\u00f3n de la cosecha que fue r\u00e9cord tras la sequ\u00eda de 2023 y la mejora de la balanza comercial energ\u00e9tica\u201d.<\/p>\n\n\n\n<figure class=\"wp-block-embed is-type-rich is-provider-twitter wp-block-embed-twitter\"><div class=\"wp-block-embed__wrapper\">\n<blockquote class=\"twitter-tweet\" data-width=\"550\" data-dnt=\"true\"><p lang=\"es\" dir=\"ltr\">Presidente: lo que usted llama &quot;masterclass&quot; no es m\u00e1s que una respuesta precaria y absolutamente vac\u00eda que no consigue responder ninguno de los argumentos y objeciones que expuse en mi nota sobre la insostenible y da\u00f1ina pol\u00edtica econ\u00f3mica que est\u00e1 llevando adelante. Dadas las\u2026 <a href=\"https:\/\/t.co\/sFzBSfxVlE\">https:\/\/t.co\/sFzBSfxVlE<\/a><\/p>&mdash; Axel Kicillof (@Kicillofok) <a href=\"https:\/\/twitter.com\/Kicillofok\/status\/1888705317225300071?ref_src=twsrc%5Etfw\">February 9, 2025<\/a><\/blockquote><script async src=\"https:\/\/platform.twitter.com\/widgets.js\" charset=\"utf-8\"><\/script>\n<\/div><\/figure>\n\n\n\n<p>Adem\u00e1s, indic\u00f3 que \u201cotra de las fuentes principales de la oferta de d\u00f3lares que mantiene al tipo de cambio en niveles relativamente bajos es el llamado \u201cd\u00f3lar blend\u201d, es decir, las divisas que los exportadores no est\u00e1n obligados a liquidar\u201d.<\/p>\n\n\n\n<p>Sobre este aspecto, advirti\u00f3 que \u201ccuando se salga del cepo, esa fuente desaparecer\u00e1 y, a no ser que intervengan a lo loco, ocurrir\u00e1 una devaluaci\u00f3n del tipo de cambio\u201d, por lo que sentenci\u00f3 que \u201cMilei y Caputo est\u00e1n afirmando dos cosas que son contradictorias entre s\u00ed: que no devaluar\u00e1n y que saldr\u00e1n del cepo\u201d, ya que \u201calguna de las dos promesas es necesariamente falsa\u201d.<\/p>\n\n\n\n<p>La columna del mandatario provincial se da tras la publicaci\u00f3n de Milei de una nota de opini\u00f3n en La Naci\u00f3n, el pasado viernes, donde reiter\u00f3 que no habr\u00e1 una devaluaci\u00f3n del tipo de cambio y critic\u00f3 a los economistas que tienen \u201cel disco rayado\u201d al aducir constantemente un atraso cambiario.<\/p>\n\n\n\n<p>En este marco, Kicillof asegur\u00f3 que \u201clo que por estos d\u00edas desespera a Milei es que se le est\u00e1n acabando los d\u00f3lares de esos or\u00edgenes\u201d, indicando que se aceler\u00f3 la necesidad de recurrir a la asistencia del Fondo Monetario Internacional (FMI), sobre lo que desliz\u00f3 que \u201cel acuerdo y el desembolso se complicaron\u201d.<\/p>\n\n\n\n<p>Ante este panorama, relat\u00f3 que se impuso la medida de alivio impositivo al campo comunicada por Caputo, se\u00f1alando que \u201cToto anunci\u00f3 con desesperaci\u00f3n no una baja de retenciones, sino un \u201cd\u00f3lar soja\u201d (bajar las retenciones por unos meses) para acelerar la liquidaci\u00f3n de las cerealeras\u201d. A esto le agreg\u00f3 que el titular de la cartera econ\u00f3mica \u201cahora anda buscando y prometiendo endeudamiento privado, hipotecar el oro argentino y un Repo\u201d.<\/p>\n\n\n\n<figure class=\"wp-block-embed is-type-wp-embed is-provider-sector-prensa wp-block-embed-sector-prensa\"><div class=\"wp-block-embed__wrapper\">\n<blockquote class=\"wp-embedded-content\" data-secret=\"BtSvC1QAt4\"><a href=\"https:\/\/sectorprensa.com.ar\/?p=70231\">Kicillof: \u201cSi Milei quiere colaborar, que devuelva la plata de seguridad que le rob\u00f3 a la provincia\u201d<\/a><\/blockquote><iframe loading=\"lazy\" class=\"wp-embedded-content\" sandbox=\"allow-scripts\" security=\"restricted\" style=\"position: absolute; clip: rect(1px, 1px, 1px, 1px);\" title=\"\u00abKicillof: \u201cSi Milei quiere colaborar, que devuelva la plata de seguridad que le rob\u00f3 a la provincia\u201d\u00bb \u2014 Sector Prensa\" src=\"https:\/\/sectorprensa.com.ar\/?p=70231&#038;embed=true#?secret=8V4BYPHHmy#?secret=BtSvC1QAt4\" data-secret=\"BtSvC1QAt4\" width=\"600\" height=\"338\" frameborder=\"0\" marginwidth=\"0\" marginheight=\"0\" scrolling=\"no\"><\/iframe>\n<\/div><\/figure>\n","protected":false},"excerpt":{"rendered":"<p>El gobernador dijo que el Presidente y el ministro Luis Caputo, \u201cafirman dos cosas que son contradictorias entre s\u00ed: que<\/p>\n","protected":false},"author":6,"featured_media":57398,"comment_status":"closed","ping_status":"closed","sticky":false,"template":"","format":"standard","meta":{"colormag_page_container_layout":"default_layout","colormag_page_sidebar_layout":"default_layout","footnotes":""},"categories":[17,8,18],"tags":[],"class_list":["post-70291","post","type-post","status-publish","format-standard","has-post-thumbnail","hentry","category-destacadas","category-politica","category-provincia"],"_links":{"self":[{"href":"https:\/\/sectorprensa.com.ar\/index.php?rest_route=\/wp\/v2\/posts\/70291","targetHints":{"allow":["GET"]}}],"collection":[{"href":"https:\/\/sectorprensa.com.ar\/index.php?rest_route=\/wp\/v2\/posts"}],"about":[{"href":"https:\/\/sectorprensa.com.ar\/index.php?rest_route=\/wp\/v2\/types\/post"}],"author":[{"embeddable":true,"href":"https:\/\/sectorprensa.com.ar\/index.php?rest_route=\/wp\/v2\/users\/6"}],"replies":[{"embeddable":true,"href":"https:\/\/sectorprensa.com.ar\/index.php?rest_route=%2Fwp%2Fv2%2Fcomments&post=70291"}],"version-history":[{"count":1,"href":"https:\/\/sectorprensa.com.ar\/index.php?rest_route=\/wp\/v2\/posts\/70291\/revisions"}],"predecessor-version":[{"id":70292,"href":"https:\/\/sectorprensa.com.ar\/index.php?rest_route=\/wp\/v2\/posts\/70291\/revisions\/70292"}],"wp:featuredmedia":[{"embeddable":true,"href":"https:\/\/sectorprensa.com.ar\/index.php?rest_route=\/wp\/v2\/media\/57398"}],"wp:attachment":[{"href":"https:\/\/sectorprensa.com.ar\/index.php?rest_route=%2Fwp%2Fv2%2Fmedia&parent=70291"}],"wp:term":[{"taxonomy":"category","embeddable":true,"href":"https:\/\/sectorprensa.com.ar\/index.php?rest_route=%2Fwp%2Fv2%2Fcategories&post=70291"},{"taxonomy":"post_tag","embeddable":true,"href":"https:\/\/sectorprensa.com.ar\/index.php?rest_route=%2Fwp%2Fv2%2Ftags&post=70291"}],"curies":[{"name":"wp","href":"https:\/\/api.w.org\/{rel}","templated":true}]}}