{"id":70293,"date":"2025-02-10T10:20:02","date_gmt":"2025-02-10T13:20:02","guid":{"rendered":"https:\/\/sectorprensa.com.ar\/?p=70293"},"modified":"2025-02-10T10:20:03","modified_gmt":"2025-02-10T13:20:03","slug":"primera-b-midland-no-pudo-con-villa-dalmine-y-debuto-con-un-empate-sin-goles","status":"publish","type":"post","link":"https:\/\/sectorprensa.com.ar\/?p=70293","title":{"rendered":"Primera B: Midland no pudo con Villa D\u00e1lmine y debut\u00f3 con un empate sin goles"},"content":{"rendered":"\n<h6 class=\"wp-block-heading\"><strong>En un partido parejo, el Funebrero tuvo algunas chances pero no logr\u00f3 concretar. Ahora buscar\u00e1 su primera victoria en la pr\u00f3xima fecha ante Argentino de Quilmes.<\/strong><\/h6>\n\n\n\n<p>En el arranque del torneo Apertura de la Primera B, Midland, en condici\u00f3n de visitante igual\u00f3 0-0 ante Villa D\u00e1lmine. El equipo dirigido por Joaqu\u00edn Iturrer\u00eda, quien tuvo su estreno como entrenador, no logr\u00f3 marcar diferencias y se llev\u00f3 un punto en su presentaci\u00f3n oficial de la temporada.<\/p>\n\n\n\n<p>El primer tiempo fue de tr\u00e1mite equilibrado, con aproximaciones de ambos conjuntos, pero sin claridad en los \u00faltimos metros. A pesar de algunas llegadas aisladas, ninguno de los equipos pudo romper la paridad en el marcador.<\/p>\n\n\n\n<p>En la segunda mitad, Midland mostr\u00f3 una leve mejor\u00eda e intent\u00f3 tomar la iniciativa del partido. Sin embargo, la falta de precisi\u00f3n en la definici\u00f3n le impidi\u00f3 aprovechar las oportunidades generadas, mientras que Villa D\u00e1lmine resisti\u00f3 sin grandes sobresaltos.<\/p>\n\n\n\n<p>El tiempo se consumi\u00f3 y, sin goles en el encuentro, el Funebrero tuvo que conformarse con un empate en su estreno del 2025. A pesar de no haber logrado la victoria, sum\u00f3 su primer punto en el torneo y dej\u00f3 una imagen aceptable.<\/p>\n\n\n\n<p>Ahora, Midland buscar\u00e1 su primera victoria en la pr\u00f3xima jornada, cuando reciba en condici\u00f3n de local a Argentino de Quilmes, con la intenci\u00f3n de sumar de a tres y empezar a escalar en la tabla de posiciones.<\/p>\n\n\n\n<figure class=\"wp-block-embed is-type-wp-embed is-provider-sector-prensa wp-block-embed-sector-prensa\"><div class=\"wp-block-embed__wrapper\">\n<blockquote class=\"wp-embedded-content\" data-secret=\"NqZpeULJwv\"><a href=\"https:\/\/sectorprensa.com.ar\/?p=70286\">Duro debut para Deportivo Merlo en la Primera B: fue goleado ante Armenio<\/a><\/blockquote><iframe loading=\"lazy\" class=\"wp-embedded-content\" sandbox=\"allow-scripts\" security=\"restricted\" style=\"position: absolute; clip: rect(1px, 1px, 1px, 1px);\" title=\"\u00abDuro debut para Deportivo Merlo en la Primera B: fue goleado ante Armenio\u00bb \u2014 Sector Prensa\" src=\"https:\/\/sectorprensa.com.ar\/?p=70286&#038;embed=true#?secret=XXQ3ksfJsL#?secret=NqZpeULJwv\" data-secret=\"NqZpeULJwv\" width=\"600\" height=\"338\" frameborder=\"0\" marginwidth=\"0\" marginheight=\"0\" scrolling=\"no\"><\/iframe>\n<\/div><\/figure>\n","protected":false},"excerpt":{"rendered":"<p>En un partido parejo, el Funebrero tuvo algunas chances pero no logr\u00f3 concretar. Ahora buscar\u00e1 su primera victoria en la<\/p>\n","protected":false},"author":6,"featured_media":70297,"comment_status":"closed","ping_status":"closed","sticky":false,"template":"","format":"standard","meta":{"colormag_page_container_layout":"default_layout","colormag_page_sidebar_layout":"default_layout","footnotes":""},"categories":[11,17],"tags":[],"class_list":["post-70293","post","type-post","status-publish","format-standard","has-post-thumbnail","hentry","category-deportes","category-destacadas"],"_links":{"self":[{"href":"https:\/\/sectorprensa.com.ar\/index.php?rest_route=\/wp\/v2\/posts\/70293","targetHints":{"allow":["GET"]}}],"collection":[{"href":"https:\/\/sectorprensa.com.ar\/index.php?rest_route=\/wp\/v2\/posts"}],"about":[{"href":"https:\/\/sectorprensa.com.ar\/index.php?rest_route=\/wp\/v2\/types\/post"}],"author":[{"embeddable":true,"href":"https:\/\/sectorprensa.com.ar\/index.php?rest_route=\/wp\/v2\/users\/6"}],"replies":[{"embeddable":true,"href":"https:\/\/sectorprensa.com.ar\/index.php?rest_route=%2Fwp%2Fv2%2Fcomments&post=70293"}],"version-history":[{"count":2,"href":"https:\/\/sectorprensa.com.ar\/index.php?rest_route=\/wp\/v2\/posts\/70293\/revisions"}],"predecessor-version":[{"id":70296,"href":"https:\/\/sectorprensa.com.ar\/index.php?rest_route=\/wp\/v2\/posts\/70293\/revisions\/70296"}],"wp:featuredmedia":[{"embeddable":true,"href":"https:\/\/sectorprensa.com.ar\/index.php?rest_route=\/wp\/v2\/media\/70297"}],"wp:attachment":[{"href":"https:\/\/sectorprensa.com.ar\/index.php?rest_route=%2Fwp%2Fv2%2Fmedia&parent=70293"}],"wp:term":[{"taxonomy":"category","embeddable":true,"href":"https:\/\/sectorprensa.com.ar\/index.php?rest_route=%2Fwp%2Fv2%2Fcategories&post=70293"},{"taxonomy":"post_tag","embeddable":true,"href":"https:\/\/sectorprensa.com.ar\/index.php?rest_route=%2Fwp%2Fv2%2Ftags&post=70293"}],"curies":[{"name":"wp","href":"https:\/\/api.w.org\/{rel}","templated":true}]}}