{"id":70518,"date":"2025-02-20T08:46:42","date_gmt":"2025-02-20T11:46:42","guid":{"rendered":"https:\/\/sectorprensa.com.ar\/?p=70518"},"modified":"2025-02-20T08:46:42","modified_gmt":"2025-02-20T11:46:42","slug":"mas-de-100-ninas-ninos-y-adolescentes-esperan-ser-adoptados-en-moreno","status":"publish","type":"post","link":"https:\/\/sectorprensa.com.ar\/?p=70518","title":{"rendered":"M\u00e1s de 100 ni\u00f1as, ni\u00f1os y adolescentes esperan ser adoptados en Moreno"},"content":{"rendered":"\n<h6 class=\"wp-block-heading\"><strong>El Municipio promueve su derecho a vivir en familia y convoca a las personas interesadas en alojarlos permanentemente con el amor, la protecci\u00f3n y el cuidado que merecen.<\/strong><\/h6>\n\n\n\n<p>En Moreno, 103 ni\u00f1as, ni\u00f1os y adolescentes se encuentran en situaci\u00f3n de adoptabilidad, esperando encontrar una familia que les brinde el amor, la protecci\u00f3n y el cuidado que merecen. El Municipio promueve la adopci\u00f3n para garantizar el derecho de estos menores a vivir en familia y en este sentido, convoca a las personas que tengan la decisi\u00f3n de vida de alojarlos permanentemente para construir una nueva familia y cumplir un rol reparador en su vida.<\/p>\n\n\n\n<p>\u201cSe trata de una pol\u00edtica p\u00fablica fundamental para el Gobierno local que conduce, Mariel Fern\u00e1ndez, que se implementa a trav\u00e9s del dispositivo Ahijando, dependiente de la Subsecretar\u00eda de Protecci\u00f3n Integral de Derechos de Las Ni\u00f1eces, Adolescencias y Juventudes\u201d, remarcaron.<\/p>\n\n\n\n<p>\u201cCon un equipo de profesionales especializados, se facilita el proceso de adopci\u00f3n, en el que se acompa\u00f1a tanto a las ni\u00f1as, ni\u00f1os y adolescentes, y a las familias postuladas durante la etapa de conocimiento y construcci\u00f3n del v\u00ednculo. Durante el 2023, se logr\u00f3 concretar siete adopciones y en 2024, fueron doce\u201d, informaron.<\/p>\n\n\n\n<p>El Municipio invita a aquellas personas que deseen adoptar, a ponerse en contacto con el equipo de profesionales de la Secretar\u00eda de Desarrollo Comunitario, quienes acompa\u00f1ar\u00e1n a las familias en todo el camino, desde la orientaci\u00f3n inicial hasta la finalizaci\u00f3n del proceso de adopci\u00f3n.<\/p>\n\n\n\n<p><strong>V\u00edas de contacto<br><\/strong>Tel\u00e9fono:0237-4669120 \u2013\u00a0<a href=\"mailto:programaentrelazos@moreno.gov.ar\">programaentrelazos@moreno.gov.ar<\/a>, o acerc\u00e1ndose a Espa\u00f1a 332, de lunes a viernes, de 8 a 16 horas.<\/p>\n\n\n\n<figure class=\"wp-block-embed is-type-wp-embed is-provider-sector-prensa wp-block-embed-sector-prensa\"><div class=\"wp-block-embed__wrapper\">\n<blockquote class=\"wp-embedded-content\" data-secret=\"qsvRXiLqip\"><a href=\"https:\/\/sectorprensa.com.ar\/?p=70352\">Moreno: vuelve el Mercado de la Econom\u00eda Popular<\/a><\/blockquote><iframe loading=\"lazy\" class=\"wp-embedded-content\" sandbox=\"allow-scripts\" security=\"restricted\" style=\"position: absolute; clip: rect(1px, 1px, 1px, 1px);\" title=\"\u00abMoreno: vuelve el Mercado de la Econom\u00eda Popular\u00bb \u2014 Sector Prensa\" src=\"https:\/\/sectorprensa.com.ar\/?p=70352&#038;embed=true#?secret=JoEDNS6Sk4#?secret=qsvRXiLqip\" data-secret=\"qsvRXiLqip\" width=\"600\" height=\"338\" frameborder=\"0\" marginwidth=\"0\" marginheight=\"0\" scrolling=\"no\"><\/iframe>\n<\/div><\/figure>\n","protected":false},"excerpt":{"rendered":"<p>El Municipio promueve su derecho a vivir en familia y convoca a las personas interesadas en alojarlos permanentemente con el<\/p>\n","protected":false},"author":6,"featured_media":70519,"comment_status":"closed","ping_status":"closed","sticky":false,"template":"","format":"standard","meta":{"colormag_page_container_layout":"default_layout","colormag_page_sidebar_layout":"default_layout","footnotes":""},"categories":[17,2154,1173,10],"tags":[],"class_list":["post-70518","post","type-post","status-publish","format-standard","has-post-thumbnail","hentry","category-destacadas","category-moreno","category-municipales","category-sociedad"],"_links":{"self":[{"href":"https:\/\/sectorprensa.com.ar\/index.php?rest_route=\/wp\/v2\/posts\/70518","targetHints":{"allow":["GET"]}}],"collection":[{"href":"https:\/\/sectorprensa.com.ar\/index.php?rest_route=\/wp\/v2\/posts"}],"about":[{"href":"https:\/\/sectorprensa.com.ar\/index.php?rest_route=\/wp\/v2\/types\/post"}],"author":[{"embeddable":true,"href":"https:\/\/sectorprensa.com.ar\/index.php?rest_route=\/wp\/v2\/users\/6"}],"replies":[{"embeddable":true,"href":"https:\/\/sectorprensa.com.ar\/index.php?rest_route=%2Fwp%2Fv2%2Fcomments&post=70518"}],"version-history":[{"count":1,"href":"https:\/\/sectorprensa.com.ar\/index.php?rest_route=\/wp\/v2\/posts\/70518\/revisions"}],"predecessor-version":[{"id":70520,"href":"https:\/\/sectorprensa.com.ar\/index.php?rest_route=\/wp\/v2\/posts\/70518\/revisions\/70520"}],"wp:featuredmedia":[{"embeddable":true,"href":"https:\/\/sectorprensa.com.ar\/index.php?rest_route=\/wp\/v2\/media\/70519"}],"wp:attachment":[{"href":"https:\/\/sectorprensa.com.ar\/index.php?rest_route=%2Fwp%2Fv2%2Fmedia&parent=70518"}],"wp:term":[{"taxonomy":"category","embeddable":true,"href":"https:\/\/sectorprensa.com.ar\/index.php?rest_route=%2Fwp%2Fv2%2Fcategories&post=70518"},{"taxonomy":"post_tag","embeddable":true,"href":"https:\/\/sectorprensa.com.ar\/index.php?rest_route=%2Fwp%2Fv2%2Ftags&post=70518"}],"curies":[{"name":"wp","href":"https:\/\/api.w.org\/{rel}","templated":true}]}}