{"id":70548,"date":"2025-02-20T08:48:24","date_gmt":"2025-02-20T11:48:24","guid":{"rendered":"https:\/\/sectorprensa.com.ar\/?p=70548"},"modified":"2025-02-20T08:48:25","modified_gmt":"2025-02-20T11:48:25","slug":"continuan-las-obras-de-construccion-de-56-viviendas-en-el-palomar","status":"publish","type":"post","link":"https:\/\/sectorprensa.com.ar\/?p=70548","title":{"rendered":"Contin\u00faan las obras de construcci\u00f3n de 56 viviendas en El Palomar"},"content":{"rendered":"\n<h6 class=\"wp-block-heading\"><strong>El Municipio de Mor\u00f3n junto al Gobierno bonaerense avanzan en la intervenci\u00f3n que permitir\u00e1 que m\u00e1s familias accedan a una vivienda digna.<\/strong><\/h6>\n\n\n\n<p id=\"b48b\">El Gobierno municipal encabezado por Lucas Ghi, y el de la Provincia de Buenos Aires, avanzan en la construcci\u00f3n de viviendas en la zona central de El Palomar. Se trata de una intervenci\u00f3n que se desarrolla en el predio ubicado en Justo Jos\u00e9 de Urquiza y General Benjam\u00edn Victorica.<\/p>\n\n\n\n<p id=\"8307\">La obra contempla la construcci\u00f3n de 56 departamentos distribuidos en siete pisos, as\u00ed como 13 locales comerciales y cocheras en planta baja.<\/p>\n\n\n\n<p id=\"ba5d\">Este proyecto financiado por el Instituto de la Vivienda bonaerense, incluye tres tipos de unidades habitacionales de 2 y 3 ambientes con todas las conexiones necesarias a las redes de agua, cloacas, gas y electricidad.<\/p>\n\n\n\n<p id=\"5830\">Al mismo tiempo, el proyecto contempla la puesta en valor y la restauraci\u00f3n de la casona hist\u00f3rica ubicada en ese lugar. Se trata de un predio municipal donde funcion\u00f3 la vieja delegaci\u00f3n de la Unidad de Gesti\u00f3n Comunitaria (UGC) de esa localidad, un lugar emblem\u00e1tico relacionado con una de las primeras familias que habit\u00f3 el barrio y ayud\u00f3 a su crecimiento. La casa de la familia Giuffra fue declarada \u201cMonumento Hist\u00f3rico Municipal\u201d y est\u00e1 vinculada a la tradici\u00f3n y a la identidad local.<\/p>\n\n\n\n<figure class=\"wp-block-embed is-type-wp-embed is-provider-sector-prensa wp-block-embed-sector-prensa\"><div class=\"wp-block-embed__wrapper\">\n<blockquote class=\"wp-embedded-content\" data-secret=\"VwV3vcbX4m\"><a href=\"https:\/\/sectorprensa.com.ar\/?p=70515\">Lucas Ghi mantuvo una reuni\u00f3n con Claudio Tapia para recorrer el CEAMSE<\/a><\/blockquote><iframe loading=\"lazy\" class=\"wp-embedded-content\" sandbox=\"allow-scripts\" security=\"restricted\" style=\"position: absolute; clip: rect(1px, 1px, 1px, 1px);\" title=\"\u00abLucas Ghi mantuvo una reuni\u00f3n con Claudio Tapia para recorrer el CEAMSE\u00bb \u2014 Sector Prensa\" src=\"https:\/\/sectorprensa.com.ar\/?p=70515&#038;embed=true#?secret=kJhCKYQunb#?secret=VwV3vcbX4m\" data-secret=\"VwV3vcbX4m\" width=\"600\" height=\"338\" frameborder=\"0\" marginwidth=\"0\" marginheight=\"0\" scrolling=\"no\"><\/iframe>\n<\/div><\/figure>\n","protected":false},"excerpt":{"rendered":"<p>El Municipio de Mor\u00f3n junto al Gobierno bonaerense avanzan en la intervenci\u00f3n que permitir\u00e1 que m\u00e1s familias accedan a una<\/p>\n","protected":false},"author":6,"featured_media":70549,"comment_status":"closed","ping_status":"closed","sticky":false,"template":"","format":"standard","meta":{"colormag_page_container_layout":"default_layout","colormag_page_sidebar_layout":"default_layout","footnotes":""},"categories":[6828,5,1173,10],"tags":[],"class_list":["post-70548","post","type-post","status-publish","format-standard","has-post-thumbnail","hentry","category-mas-destacadas","category-moron","category-municipales","category-sociedad"],"_links":{"self":[{"href":"https:\/\/sectorprensa.com.ar\/index.php?rest_route=\/wp\/v2\/posts\/70548","targetHints":{"allow":["GET"]}}],"collection":[{"href":"https:\/\/sectorprensa.com.ar\/index.php?rest_route=\/wp\/v2\/posts"}],"about":[{"href":"https:\/\/sectorprensa.com.ar\/index.php?rest_route=\/wp\/v2\/types\/post"}],"author":[{"embeddable":true,"href":"https:\/\/sectorprensa.com.ar\/index.php?rest_route=\/wp\/v2\/users\/6"}],"replies":[{"embeddable":true,"href":"https:\/\/sectorprensa.com.ar\/index.php?rest_route=%2Fwp%2Fv2%2Fcomments&post=70548"}],"version-history":[{"count":1,"href":"https:\/\/sectorprensa.com.ar\/index.php?rest_route=\/wp\/v2\/posts\/70548\/revisions"}],"predecessor-version":[{"id":70550,"href":"https:\/\/sectorprensa.com.ar\/index.php?rest_route=\/wp\/v2\/posts\/70548\/revisions\/70550"}],"wp:featuredmedia":[{"embeddable":true,"href":"https:\/\/sectorprensa.com.ar\/index.php?rest_route=\/wp\/v2\/media\/70549"}],"wp:attachment":[{"href":"https:\/\/sectorprensa.com.ar\/index.php?rest_route=%2Fwp%2Fv2%2Fmedia&parent=70548"}],"wp:term":[{"taxonomy":"category","embeddable":true,"href":"https:\/\/sectorprensa.com.ar\/index.php?rest_route=%2Fwp%2Fv2%2Fcategories&post=70548"},{"taxonomy":"post_tag","embeddable":true,"href":"https:\/\/sectorprensa.com.ar\/index.php?rest_route=%2Fwp%2Fv2%2Ftags&post=70548"}],"curies":[{"name":"wp","href":"https:\/\/api.w.org\/{rel}","templated":true}]}}