{"id":70551,"date":"2025-02-20T08:46:32","date_gmt":"2025-02-20T11:46:32","guid":{"rendered":"https:\/\/sectorprensa.com.ar\/?p=70551"},"modified":"2025-02-20T08:46:32","modified_gmt":"2025-02-20T11:46:32","slug":"pablo-descalzo-seguimos-mejorando-la-infraestructura-educativa-en-ituzaingo","status":"publish","type":"post","link":"https:\/\/sectorprensa.com.ar\/?p=70551","title":{"rendered":"Pablo Descalzo: \u201cSeguimos mejorando la infraestructura educativa en Ituzaing\u00f3\u201d"},"content":{"rendered":"\n<h6 class=\"wp-block-heading\"><strong>El intendente recorri\u00f3 el avance de diferentes obras que est\u00e1n en ejecuci\u00f3n en distintos establecimientos educativos del distrito.<\/strong><\/h6>\n\n\n\n<p>El intendente de Ituzaing\u00f3, Pablo Descalzo, y el Secretario de Planificaci\u00f3n, Desarrollo Urbano y Ambiente, Mart\u00edn Rossi, recorrieron el avance de diferentes obras que est\u00e1n en ejecuci\u00f3n en distintos establecimientos educativos del distrito.<\/p>\n\n\n\n<p>En la ma\u00f1ana del lunes 17 de febrero, visitaron los trabajos de construcci\u00f3n del nuevo edificio de la Escuela de Educaci\u00f3n Secundaria N\u00b0 8 \u00abSonia Von Schmeling\u00bb, as\u00ed como las ampliaciones de los edificios de la EES N\u00b0 17 y EES N\u00b0 20. Dichos trabajos elevar\u00e1n la calidad de vida de sus comunidades educativas e impactar\u00e1n positivamente en el aprendizaje de sus estudiantes<\/p>\n\n\n\n<p>Al finalizar el recorrido, Pablo Descalzo destac\u00f3 la importancia de estas obras para el desarrollo de la ciudad: \u201cEstas obras son esenciales para la formaci\u00f3n de nuestros j\u00f3venes, ya que garantizan una educaci\u00f3n de calidad y en edificios seguros\u201d. Y agreg\u00f3: \u201cTrabajamos en conjunto con el Gobierno Provincial para transformar la vida de los vecinos y vecinas y parte de esta transformaci\u00f3n es posible a trav\u00e9s de este tipo de obras\u201d.<\/p>\n\n\n\n<p>El recorrido comenz\u00f3 en la Escuela de Educaci\u00f3n Secundaria N\u00b0 8 (Del Cabestro y Lorenzo Caro), cuya obra cuenta con seis aulas nuevas, un patio descubierto, biblioteca y un laboratorio. Luego, visitaron la Escuela de Educaci\u00f3n Secundaria N\u00ba 17 (Albert Schweitzer y San Justo), cuya ampliaci\u00f3n incluye tres nuevas aulas en planta alta, conectadas con las ya existentes, y un sector administrativo y pedag\u00f3gico en planta baja.<\/p>\n\n\n\n<p>Adem\u00e1s, recorrieron los trabajos de la Escuela de Educaci\u00f3n Secundaria N\u00b0 20 (Colectora Sur Acceso Oeste, entre Quintana y Ratti), donde se est\u00e1 ampliando el edificio para elevar la capacidad de la matr\u00edcula, con 4 aulas, oficinas, cocina y un nuevo ingreso con hall para la secundaria. Por \u00faltimo, visitaron las instalaciones del Centro Regional Universitario de Ituzaing\u00f3 (Los Pozos y Gelpi).<\/p>\n\n\n\n<figure class=\"wp-block-embed is-type-wp-embed is-provider-sector-prensa wp-block-embed-sector-prensa\"><div class=\"wp-block-embed__wrapper\">\n<blockquote class=\"wp-embedded-content\" data-secret=\"J5HbMwiTZo\"><a href=\"https:\/\/sectorprensa.com.ar\/?p=70412\">Ituzaing\u00f3: m\u00e1s de 3.000 chicos celebraron el cierre de las Colonias de Verano 2025<\/a><\/blockquote><iframe loading=\"lazy\" class=\"wp-embedded-content\" sandbox=\"allow-scripts\" security=\"restricted\" style=\"position: absolute; clip: rect(1px, 1px, 1px, 1px);\" title=\"\u00abItuzaing\u00f3: m\u00e1s de 3.000 chicos celebraron el cierre de las Colonias de Verano 2025\u00bb \u2014 Sector Prensa\" src=\"https:\/\/sectorprensa.com.ar\/?p=70412&#038;embed=true#?secret=KfJ2iinZuL#?secret=J5HbMwiTZo\" data-secret=\"J5HbMwiTZo\" width=\"600\" height=\"338\" frameborder=\"0\" marginwidth=\"0\" marginheight=\"0\" scrolling=\"no\"><\/iframe>\n<\/div><\/figure>\n","protected":false},"excerpt":{"rendered":"<p>El intendente recorri\u00f3 el avance de diferentes obras que est\u00e1n en ejecuci\u00f3n en distintos establecimientos educativos del distrito. El intendente<\/p>\n","protected":false},"author":6,"featured_media":70552,"comment_status":"closed","ping_status":"closed","sticky":false,"template":"","format":"standard","meta":{"colormag_page_container_layout":"default_layout","colormag_page_sidebar_layout":"default_layout","footnotes":""},"categories":[17,4,1173,8,10],"tags":[],"class_list":["post-70551","post","type-post","status-publish","format-standard","has-post-thumbnail","hentry","category-destacadas","category-ituzaingo","category-municipales","category-politica","category-sociedad"],"_links":{"self":[{"href":"https:\/\/sectorprensa.com.ar\/index.php?rest_route=\/wp\/v2\/posts\/70551","targetHints":{"allow":["GET"]}}],"collection":[{"href":"https:\/\/sectorprensa.com.ar\/index.php?rest_route=\/wp\/v2\/posts"}],"about":[{"href":"https:\/\/sectorprensa.com.ar\/index.php?rest_route=\/wp\/v2\/types\/post"}],"author":[{"embeddable":true,"href":"https:\/\/sectorprensa.com.ar\/index.php?rest_route=\/wp\/v2\/users\/6"}],"replies":[{"embeddable":true,"href":"https:\/\/sectorprensa.com.ar\/index.php?rest_route=%2Fwp%2Fv2%2Fcomments&post=70551"}],"version-history":[{"count":1,"href":"https:\/\/sectorprensa.com.ar\/index.php?rest_route=\/wp\/v2\/posts\/70551\/revisions"}],"predecessor-version":[{"id":70553,"href":"https:\/\/sectorprensa.com.ar\/index.php?rest_route=\/wp\/v2\/posts\/70551\/revisions\/70553"}],"wp:featuredmedia":[{"embeddable":true,"href":"https:\/\/sectorprensa.com.ar\/index.php?rest_route=\/wp\/v2\/media\/70552"}],"wp:attachment":[{"href":"https:\/\/sectorprensa.com.ar\/index.php?rest_route=%2Fwp%2Fv2%2Fmedia&parent=70551"}],"wp:term":[{"taxonomy":"category","embeddable":true,"href":"https:\/\/sectorprensa.com.ar\/index.php?rest_route=%2Fwp%2Fv2%2Fcategories&post=70551"},{"taxonomy":"post_tag","embeddable":true,"href":"https:\/\/sectorprensa.com.ar\/index.php?rest_route=%2Fwp%2Fv2%2Ftags&post=70551"}],"curies":[{"name":"wp","href":"https:\/\/api.w.org\/{rel}","templated":true}]}}