{"id":70557,"date":"2025-02-20T08:48:09","date_gmt":"2025-02-20T11:48:09","guid":{"rendered":"https:\/\/sectorprensa.com.ar\/?p=70557"},"modified":"2025-02-20T08:48:09","modified_gmt":"2025-02-20T11:48:09","slug":"video-policia-de-civil-abatio-a-un-motochorro-durante-un-intento-de-robo-en-la-matanza","status":"publish","type":"post","link":"https:\/\/sectorprensa.com.ar\/?p=70557","title":{"rendered":"[Video] Polic\u00eda de civil abati\u00f3 a un motochorro durante un intento de robo en La Matanza"},"content":{"rendered":"\n<h6 class=\"wp-block-heading\"><strong>El hecho ocurri\u00f3 este mi\u00e9rcoles por la tarde en la intersecci\u00f3n de Cabildo y Jun\u00edn, en Villa Madero. El agente de la Polic\u00eda Federal observ\u00f3 a los malvivientes asaltando a un hombre que se encontraba junto a su hijo de tiene a\u00f1os, dispar\u00f3 y a los pocos metros cay\u00f3 malherido uno de los delincuentes, que ten\u00eda 16 a\u00f1os.<\/strong><\/h6>\n\n\n\n<p>Un agente de la Polic\u00eda Federal, que se encontraba fuera de servicio y vestido de civil, abati\u00f3 a uno de los delincuentes que intent\u00f3 sustraerle el veh\u00edculo a un hombre que se encontraba junto a su hijo de siete a\u00f1os en Villa Madero, partido de La Matanza.<\/p>\n\n\n\n<p>El hecho ocurri\u00f3 este mi\u00e9rcoles por la tarde en la intersecci\u00f3n de Cabildo y Jun\u00edn, un d\u00eda despu\u00e9s del asesinato de un chofer de Didi en la misma localidad. La v\u00edctima, un hombre de 40 a\u00f1os, estaba dentro de su Ford Fiesta azul con su hijo cuando dos ladrones armados los interceptaron con la intenci\u00f3n de robarles el auto.<\/p>\n\n\n\n<figure class=\"wp-block-embed is-type-rich is-provider-twitter wp-block-embed-twitter\"><div class=\"wp-block-embed__wrapper\">\n<blockquote class=\"twitter-tweet\" data-width=\"550\" data-dnt=\"true\"><p lang=\"es\" dir=\"ltr\">\ud83d\udea8 &quot;LEG\u00cdTIMA DEFENSA DE UN TERCERO&quot;: EL POLIC\u00cdA QUE MAT\u00d3 AL LADR\u00d3N QUE ASALTABA A UN VECINO ACTU\u00d3 EN REGLA<br>&#8211; As\u00ed lo dispuso la fiscal\u00eda tem\u00e1tica de Homicidios de Matanza que no tom\u00f3 ning\u00fan temperamento con el polic\u00eda.<br>&#8211; El ladr\u00f3n hab\u00eda estado implicado en un crimen en 2023. <a href=\"https:\/\/t.co\/vqktTWiKNA\">pic.twitter.com\/vqktTWiKNA<\/a><\/p>&mdash; V\u00eda Szeta (@mauroszeta) <a href=\"https:\/\/twitter.com\/mauroszeta\/status\/1892540692020211950?ref_src=twsrc%5Etfw\">February 20, 2025<\/a><\/blockquote><script async src=\"https:\/\/platform.twitter.com\/widgets.js\" charset=\"utf-8\"><\/script>\n<\/div><\/figure>\n\n\n\n<p>Los asaltantes amenazaron a la familia y realizaron m\u00faltiples disparos para generar p\u00e1nico y forzar la entrega del veh\u00edculo. Sin embargo, en el lugar se encontraba un efectivo policial, quien observ\u00f3 la situaci\u00f3n mientras circulaba en su propio autom\u00f3vil.<\/p>\n\n\n\n<p>Al percatarse del intento de robo, el cabo primero detuvo su marcha, extrajo su arma reglamentaria y se identific\u00f3 como miembro de la fuerza. En ese momento, se produjo un enfrentamiento en el que el polic\u00eda efectu\u00f3 al menos dos disparos contra los motochorros mientras intentaban huir.<\/p>\n\n\n\n<figure class=\"wp-block-embed is-type-rich is-provider-twitter wp-block-embed-twitter\"><div class=\"wp-block-embed__wrapper\">\n<blockquote class=\"twitter-tweet\" data-width=\"550\" data-dnt=\"true\"><p lang=\"es\" dir=\"ltr\">\ud83d\udea8 POLIC\u00cdA DEFENDI\u00d3 A UN VECINO DE UN ROBO Y MAT\u00d3 AL LADR\u00d3N: EL VIDEO<br>&#8211; Fue en Villa Madero <a href=\"https:\/\/t.co\/BB3jTXIzz1\">pic.twitter.com\/BB3jTXIzz1<\/a><\/p>&mdash; V\u00eda Szeta (@mauroszeta) <a href=\"https:\/\/twitter.com\/mauroszeta\/status\/1892382665858302133?ref_src=twsrc%5Etfw\">February 20, 2025<\/a><\/blockquote><script async src=\"https:\/\/platform.twitter.com\/widgets.js\" charset=\"utf-8\"><\/script>\n<\/div><\/figure>\n\n\n\n<p>Uno de los delincuentes, identificado como Valent\u00edn Sardi, de 16 a\u00f1os, cay\u00f3 malherido a pocos metros del lugar del hecho, con un arma a su lado. Por su parte, tanto el automovilista como su hijo resultaron ilesos tras el violento episodio.<\/p>\n\n\n\n<figure class=\"wp-block-embed is-type-wp-embed is-provider-sector-prensa wp-block-embed-sector-prensa\"><div class=\"wp-block-embed__wrapper\">\n<blockquote class=\"wp-embedded-content\" data-secret=\"XxlOoB9uop\"><a href=\"https:\/\/sectorprensa.com.ar\/?p=70526\">En Ituzaing\u00f3: sancionan a polic\u00edas bonaerenses por abandonar patrullaje en reclamo salarial<\/a><\/blockquote><iframe loading=\"lazy\" class=\"wp-embedded-content\" sandbox=\"allow-scripts\" security=\"restricted\" style=\"position: absolute; clip: rect(1px, 1px, 1px, 1px);\" title=\"\u00abEn Ituzaing\u00f3: sancionan a polic\u00edas bonaerenses por abandonar patrullaje en reclamo salarial\u00bb \u2014 Sector Prensa\" src=\"https:\/\/sectorprensa.com.ar\/?p=70526&#038;embed=true#?secret=lnSAR9ufzX#?secret=XxlOoB9uop\" data-secret=\"XxlOoB9uop\" width=\"600\" height=\"338\" frameborder=\"0\" marginwidth=\"0\" marginheight=\"0\" scrolling=\"no\"><\/iframe>\n<\/div><\/figure>\n","protected":false},"excerpt":{"rendered":"<p>El hecho ocurri\u00f3 este mi\u00e9rcoles por la tarde en la intersecci\u00f3n de Cabildo y Jun\u00edn, en Villa Madero. El agente<\/p>\n","protected":false},"author":6,"featured_media":70558,"comment_status":"closed","ping_status":"closed","sticky":false,"template":"","format":"standard","meta":{"colormag_page_container_layout":"default_layout","colormag_page_sidebar_layout":"default_layout","footnotes":""},"categories":[17,12],"tags":[],"class_list":["post-70557","post","type-post","status-publish","format-standard","has-post-thumbnail","hentry","category-destacadas","category-policiales"],"_links":{"self":[{"href":"https:\/\/sectorprensa.com.ar\/index.php?rest_route=\/wp\/v2\/posts\/70557","targetHints":{"allow":["GET"]}}],"collection":[{"href":"https:\/\/sectorprensa.com.ar\/index.php?rest_route=\/wp\/v2\/posts"}],"about":[{"href":"https:\/\/sectorprensa.com.ar\/index.php?rest_route=\/wp\/v2\/types\/post"}],"author":[{"embeddable":true,"href":"https:\/\/sectorprensa.com.ar\/index.php?rest_route=\/wp\/v2\/users\/6"}],"replies":[{"embeddable":true,"href":"https:\/\/sectorprensa.com.ar\/index.php?rest_route=%2Fwp%2Fv2%2Fcomments&post=70557"}],"version-history":[{"count":2,"href":"https:\/\/sectorprensa.com.ar\/index.php?rest_route=\/wp\/v2\/posts\/70557\/revisions"}],"predecessor-version":[{"id":70560,"href":"https:\/\/sectorprensa.com.ar\/index.php?rest_route=\/wp\/v2\/posts\/70557\/revisions\/70560"}],"wp:featuredmedia":[{"embeddable":true,"href":"https:\/\/sectorprensa.com.ar\/index.php?rest_route=\/wp\/v2\/media\/70558"}],"wp:attachment":[{"href":"https:\/\/sectorprensa.com.ar\/index.php?rest_route=%2Fwp%2Fv2%2Fmedia&parent=70557"}],"wp:term":[{"taxonomy":"category","embeddable":true,"href":"https:\/\/sectorprensa.com.ar\/index.php?rest_route=%2Fwp%2Fv2%2Fcategories&post=70557"},{"taxonomy":"post_tag","embeddable":true,"href":"https:\/\/sectorprensa.com.ar\/index.php?rest_route=%2Fwp%2Fv2%2Ftags&post=70557"}],"curies":[{"name":"wp","href":"https:\/\/api.w.org\/{rel}","templated":true}]}}