{"id":70867,"date":"2025-03-05T11:27:32","date_gmt":"2025-03-05T14:27:32","guid":{"rendered":"https:\/\/sectorprensa.com.ar\/?p=70867"},"modified":"2025-03-05T11:27:33","modified_gmt":"2025-03-05T14:27:33","slug":"se-inicia-el-plan-moron-escuelas-seguras","status":"publish","type":"post","link":"https:\/\/sectorprensa.com.ar\/?p=70867","title":{"rendered":"Se inicia el \u201cPlan Mor\u00f3n Escuelas Seguras\u201d"},"content":{"rendered":"\n<h6 class=\"wp-block-heading\"><strong>El Municipio tendr\u00e1 una nueva disposici\u00f3n para los corredores escolares desde el inicio de clases este mi\u00e9rcoles 5 de marzo. El secretario de Seguridad se reuni\u00f3 con el Consejo Escolar para detallar la iniciativa que busca cuidar a los estudiantes en los horarios de ingreso y salida de los establecimientos educativos.<\/strong><\/h6>\n\n\n\n<p>El Municipio present\u00f3 el programa Plan Mor\u00f3n Escuelas Seguras. Se trata de una medida que crea un corredor para proteger a los chicos en edad escolar, reforzando c\u00e1maras, alarmas y seguridad en los horarios de ingreso y egreso.<\/p>\n\n\n\n<p>\u201cEl secretario de Seguridad, Dami\u00e1n Cardoso, mantuvo una reuni\u00f3n con el Consejo Escolar para detallar las acciones clave que se implementan a partir de los lineamientos del intendente Lucas Ghi\u201d, inform\u00f3 el Municipio.<\/p>\n\n\n\n<p>\u201cAdem\u00e1s, los equipos municipales mantendr\u00e1n una coordinaci\u00f3n especial con el Ministerio de Seguridad de la Provincia de Buenos Aires. De esta manera, la Polic\u00eda Bonaerense ser\u00e1 parte activa de este esfuerzo por la tranquilidad y protecci\u00f3n de nuestros chicos\u201d, remarcaron.<\/p>\n\n\n\n<figure class=\"wp-block-embed is-type-wp-embed is-provider-sector-prensa wp-block-embed-sector-prensa\"><div class=\"wp-block-embed__wrapper\">\n<blockquote class=\"wp-embedded-content\" data-secret=\"4JNnpHtSAQ\"><a href=\"https:\/\/sectorprensa.com.ar\/?p=70837\">Mor\u00f3n refuerza la seguridad vial con nuevo equipamiento<\/a><\/blockquote><iframe loading=\"lazy\" class=\"wp-embedded-content\" sandbox=\"allow-scripts\" security=\"restricted\" style=\"position: absolute; clip: rect(1px, 1px, 1px, 1px);\" title=\"\u00abMor\u00f3n refuerza la seguridad vial con nuevo equipamiento\u00bb \u2014 Sector Prensa\" src=\"https:\/\/sectorprensa.com.ar\/?p=70837&#038;embed=true#?secret=yjWH38inYd#?secret=4JNnpHtSAQ\" data-secret=\"4JNnpHtSAQ\" width=\"600\" height=\"338\" frameborder=\"0\" marginwidth=\"0\" marginheight=\"0\" scrolling=\"no\"><\/iframe>\n<\/div><\/figure>\n","protected":false},"excerpt":{"rendered":"<p>El Municipio tendr\u00e1 una nueva disposici\u00f3n para los corredores escolares desde el inicio de clases este mi\u00e9rcoles 5 de marzo.<\/p>\n","protected":false},"author":6,"featured_media":70868,"comment_status":"closed","ping_status":"closed","sticky":false,"template":"","format":"standard","meta":{"colormag_page_container_layout":"default_layout","colormag_page_sidebar_layout":"default_layout","footnotes":""},"categories":[6828,5,1173,10],"tags":[],"class_list":["post-70867","post","type-post","status-publish","format-standard","has-post-thumbnail","hentry","category-mas-destacadas","category-moron","category-municipales","category-sociedad"],"_links":{"self":[{"href":"https:\/\/sectorprensa.com.ar\/index.php?rest_route=\/wp\/v2\/posts\/70867","targetHints":{"allow":["GET"]}}],"collection":[{"href":"https:\/\/sectorprensa.com.ar\/index.php?rest_route=\/wp\/v2\/posts"}],"about":[{"href":"https:\/\/sectorprensa.com.ar\/index.php?rest_route=\/wp\/v2\/types\/post"}],"author":[{"embeddable":true,"href":"https:\/\/sectorprensa.com.ar\/index.php?rest_route=\/wp\/v2\/users\/6"}],"replies":[{"embeddable":true,"href":"https:\/\/sectorprensa.com.ar\/index.php?rest_route=%2Fwp%2Fv2%2Fcomments&post=70867"}],"version-history":[{"count":1,"href":"https:\/\/sectorprensa.com.ar\/index.php?rest_route=\/wp\/v2\/posts\/70867\/revisions"}],"predecessor-version":[{"id":70869,"href":"https:\/\/sectorprensa.com.ar\/index.php?rest_route=\/wp\/v2\/posts\/70867\/revisions\/70869"}],"wp:featuredmedia":[{"embeddable":true,"href":"https:\/\/sectorprensa.com.ar\/index.php?rest_route=\/wp\/v2\/media\/70868"}],"wp:attachment":[{"href":"https:\/\/sectorprensa.com.ar\/index.php?rest_route=%2Fwp%2Fv2%2Fmedia&parent=70867"}],"wp:term":[{"taxonomy":"category","embeddable":true,"href":"https:\/\/sectorprensa.com.ar\/index.php?rest_route=%2Fwp%2Fv2%2Fcategories&post=70867"},{"taxonomy":"post_tag","embeddable":true,"href":"https:\/\/sectorprensa.com.ar\/index.php?rest_route=%2Fwp%2Fv2%2Ftags&post=70867"}],"curies":[{"name":"wp","href":"https:\/\/api.w.org\/{rel}","templated":true}]}}