{"id":70906,"date":"2025-03-06T12:37:18","date_gmt":"2025-03-06T15:37:18","guid":{"rendered":"https:\/\/sectorprensa.com.ar\/?p=70906"},"modified":"2025-03-06T12:37:19","modified_gmt":"2025-03-06T15:37:19","slug":"kicillof-no-permitire-que-los-bonaerenses-queden-librados-a-la-prepotencia-de-un-presidente-que-no-respeta-la-democracia","status":"publish","type":"post","link":"https:\/\/sectorprensa.com.ar\/?p=70906","title":{"rendered":"Kicillof: \u201cNo permitir\u00e9 que los bonaerenses queden librados a la prepotencia de un presidente que no respeta la democracia\u201d"},"content":{"rendered":"\n<h6 class=\"wp-block-heading\"><strong>Fue al encabezar la apertura del 153\u00b0 per\u00edodo de Sesiones Ordinarias de la Legislatura bonaerense.<\/strong><\/h6>\n\n\n\n<p>\u201cLa deserci\u00f3n del Gobierno nacional no es solo una cuesti\u00f3n econ\u00f3mica o administrativa, es tambi\u00e9n un proyecto de desintegraci\u00f3n: el presidente no solo busca achicar el Estado, quiere desintegrarlo y desmantelar a la comunidad para debilitarnos\u201d, afirm\u00f3 este mi\u00e9rcoles el gobernador de la provincia de Buenos Aires, Axel Kicillof, al encabezar la apertura del 153\u00b0 per\u00edodo de Sesiones Ordinarias de la Legislatura bonaerense.<\/p>\n\n\n\n<p>Asimismo, el Gobernador subray\u00f3: \u201cFrente a esto, el Gobierno provincial act\u00faa como escudo para proteger derechos agredidos y como red para atenuar el da\u00f1o y sostener el tejido social y productivo: en cada tema, demostramos con hechos que s\u00ed hay una alternativa a la motosierra y al ajuste\u201d.<\/p>\n\n\n\n<p>\u201cRecientemente vivimos un hecho de in\u00e9dita gravedad institucional que no podemos pasar por alto: el presidente amenaz\u00f3 con intervenir la Provincia y pretendi\u00f3 echar a este Gobernador por redes sociales\u201d, sostuvo el mandatario y a\u00f1adi\u00f3: \u201cAs\u00ed como el Ejecutivo nacional no puede avalar una estafa financiera de escala internacional, tampoco puede usar el mandato que le dio la democracia para atentar contra ella\u201d. \u201cNo voy a permitir que el destino de los bonaerenses quede librado a la improvisaci\u00f3n, la prepotencia o el resentimiento de un presidente que no respeta la democracia\u201d, subray\u00f3.<\/p>\n\n\n\n<p>En materia de seguridad, el Gobernador remarc\u00f3: \u201cLa seguridad no se resuelve con soluciones simplistas ni con discursos de campa\u00f1a, sino con pol\u00edticas efectivas y con un Estado presente: con inversi\u00f3n, aplicando de manera inflexible la ley, pero tambi\u00e9n garantizando una mayor justicia social y m\u00e1s oportunidades de futuro para los j\u00f3venes\u201d. \u201cDestinaremos $170.000 millones para fortalecer la seguridad y la protecci\u00f3n de los bonaerenses: sumaremos 800 nuevos patrulleros, crearemos un Fondo Municipal de $70.000 millones para los distritos de m\u00e1s de 70.000 habitantes e instalaremos 15 nuevas bases en los barrios para aumentar nuestra capacidad de protecci\u00f3n y prevenci\u00f3n\u201d, anunci\u00f3.<\/p>\n\n\n\n<p>Asimismo, Kicillof manifest\u00f3: \u201cEl derecho a la educaci\u00f3n fue, es y ser\u00e1 una prioridad central para nuestro gobierno: durante este a\u00f1o vamos a inaugurar 50 escuelas con recursos provinciales, escuelas que no se construyen con motosierra, sino con trabajo. Vamos a seguir defendiendo a la escuela p\u00fablica bonaerense\u201d.<\/p>\n\n\n\n<p>\u201cEn nuestra provincia, la mayor parte de la poblaci\u00f3n se apoya en el sistema p\u00fablico de salud: por eso ya inauguramos 175 centros de atenci\u00f3n primaria, entregamos 342 ambulancias y pusimos en funcionamiento cuatro grandes hospitales\u201d, se\u00f1al\u00f3 Kicillof y agreg\u00f3: \u201cNecesitamos que esta Legislatura apruebe dos leyes importantes: la que permite la creaci\u00f3n de la Empresa P\u00fablica de Emergencias y la de Medicamentos Bonaerenses, que permitir\u00e1 mejorar el acceso a medicamentos\u201d. \u201cDefendamos la salud p\u00fablica: la motosierra no puede meterse con la salud de nuestro pueblo\u201d, remarc\u00f3.<\/p>\n\n\n\n<p>En tanto, Kicillof sostuvo: \u201cMientras el Gobierno nacional deja rutas a medio hacer, escuelas sin terminar, hospitales sin equipar y viviendas sin entregar, en la Provincia vamos a continuar con la obra p\u00fablica, pero tambi\u00e9n le exigimos a Naci\u00f3n que termine lo que debe y transfiera lo que no piensa finalizar\u201d. \u201cLa obra p\u00fablica construye salud, dignidad, justicia social, integraci\u00f3n y desarrollo, por todo eso es que la detuvieron: no es un problema de recursos, es una decisi\u00f3n ideol\u00f3gica y de modelo de pa\u00eds\u201d, agreg\u00f3.<\/p>\n\n\n\n<p>Asimismo, el Gobernador sostuvo: \u201cQuiero hacer un pedido a la Legislatura que tiene que ver con leyes de presupuesto, fiscal impositiva y endeudamiento que no fueron aprobadas el a\u00f1o pasado. Estas permiten la planificaci\u00f3n econ\u00f3mica y financiera de la provincia, de los municipios, pero tambi\u00e9n de los ciudadanos contribuyentes\u201d. \u201cAdem\u00e1s, solicito que a la m\u00e1xima brevedad se resuelva la situaci\u00f3n de incertidumbre electoral provocada por el Presidente: por mi parte, entiendo que dado el contexto, los argumentos en favor de suspender las PASO son m\u00e1s que razonables. La decisi\u00f3n le corresponde a esta Legislatura y ser\u00e9 respetuoso de eso. Les pido es celeridad\u201d, agreg\u00f3.<\/p>\n\n\n\n<p>Por \u00faltimo, Kicillof indic\u00f3: \u201cFrente a la violencia y al odio estimulado por el presidente, es muy importante promover la cooperaci\u00f3n de todas las fuerzas pol\u00edticas en defensa de la cultura democr\u00e1tica, de los Derechos Humanos y de la vida en com\u00fan\u201d. \u201cEl futuro no es del presidente, es del pueblo. Hoy, con m\u00e1s fuerza y m\u00e1s compromiso que nunca, reafirmamos nuestra convicci\u00f3n y nuestra voluntad de seguir construyendo un camino derecho a un futuro mejor\u201d, concluy\u00f3.<\/p>\n\n\n\n<p>Estuvieron presentes la vicegobernadora Ver\u00f3nica Magario; el presidente de la C\u00e1mara de Diputados bonaerense, Alexis Guerrera; integrantes del gabinete provincial; intendentes e intendentas; legisladores y legisladoras; representantes gremiales y de organizaciones sociales.<\/p>\n\n\n\n<figure class=\"wp-block-embed is-type-wp-embed is-provider-sector-prensa wp-block-embed-sector-prensa\"><div class=\"wp-block-embed__wrapper\">\n<blockquote class=\"wp-embedded-content\" data-secret=\"OAy2slxRbL\"><a href=\"https:\/\/sectorprensa.com.ar\/?p=70870\">Kicillof inaugur\u00f3 el ciclo lectivo 2025: \u201cVamos a hacer un gran esfuerzo para inaugurar 50 nuevas escuelas\u201d<\/a><\/blockquote><iframe loading=\"lazy\" class=\"wp-embedded-content\" sandbox=\"allow-scripts\" security=\"restricted\" style=\"position: absolute; clip: rect(1px, 1px, 1px, 1px);\" title=\"\u00abKicillof inaugur\u00f3 el ciclo lectivo 2025: \u201cVamos a hacer un gran esfuerzo para inaugurar 50 nuevas escuelas\u201d\u00bb \u2014 Sector Prensa\" src=\"https:\/\/sectorprensa.com.ar\/?p=70870&#038;embed=true#?secret=bZd8qclYqM#?secret=OAy2slxRbL\" data-secret=\"OAy2slxRbL\" width=\"600\" height=\"338\" frameborder=\"0\" marginwidth=\"0\" marginheight=\"0\" scrolling=\"no\"><\/iframe>\n<\/div><\/figure>\n","protected":false},"excerpt":{"rendered":"<p>Fue al encabezar la apertura del 153\u00b0 per\u00edodo de Sesiones Ordinarias de la Legislatura bonaerense. \u201cLa deserci\u00f3n del Gobierno nacional<\/p>\n","protected":false},"author":6,"featured_media":70907,"comment_status":"closed","ping_status":"closed","sticky":false,"template":"","format":"standard","meta":{"colormag_page_container_layout":"default_layout","colormag_page_sidebar_layout":"default_layout","footnotes":""},"categories":[17,8,18],"tags":[],"class_list":["post-70906","post","type-post","status-publish","format-standard","has-post-thumbnail","hentry","category-destacadas","category-politica","category-provincia"],"_links":{"self":[{"href":"https:\/\/sectorprensa.com.ar\/index.php?rest_route=\/wp\/v2\/posts\/70906","targetHints":{"allow":["GET"]}}],"collection":[{"href":"https:\/\/sectorprensa.com.ar\/index.php?rest_route=\/wp\/v2\/posts"}],"about":[{"href":"https:\/\/sectorprensa.com.ar\/index.php?rest_route=\/wp\/v2\/types\/post"}],"author":[{"embeddable":true,"href":"https:\/\/sectorprensa.com.ar\/index.php?rest_route=\/wp\/v2\/users\/6"}],"replies":[{"embeddable":true,"href":"https:\/\/sectorprensa.com.ar\/index.php?rest_route=%2Fwp%2Fv2%2Fcomments&post=70906"}],"version-history":[{"count":1,"href":"https:\/\/sectorprensa.com.ar\/index.php?rest_route=\/wp\/v2\/posts\/70906\/revisions"}],"predecessor-version":[{"id":70908,"href":"https:\/\/sectorprensa.com.ar\/index.php?rest_route=\/wp\/v2\/posts\/70906\/revisions\/70908"}],"wp:featuredmedia":[{"embeddable":true,"href":"https:\/\/sectorprensa.com.ar\/index.php?rest_route=\/wp\/v2\/media\/70907"}],"wp:attachment":[{"href":"https:\/\/sectorprensa.com.ar\/index.php?rest_route=%2Fwp%2Fv2%2Fmedia&parent=70906"}],"wp:term":[{"taxonomy":"category","embeddable":true,"href":"https:\/\/sectorprensa.com.ar\/index.php?rest_route=%2Fwp%2Fv2%2Fcategories&post=70906"},{"taxonomy":"post_tag","embeddable":true,"href":"https:\/\/sectorprensa.com.ar\/index.php?rest_route=%2Fwp%2Fv2%2Ftags&post=70906"}],"curies":[{"name":"wp","href":"https:\/\/api.w.org\/{rel}","templated":true}]}}