{"id":70909,"date":"2025-03-06T13:16:59","date_gmt":"2025-03-06T16:16:59","guid":{"rendered":"https:\/\/sectorprensa.com.ar\/?p=70909"},"modified":"2025-03-06T13:16:59","modified_gmt":"2025-03-06T16:16:59","slug":"tolosa-paz-kicillof-es-el-unico-capaz-de-enfrentar-al-presidente-para-volver-a-tener-esperanza","status":"publish","type":"post","link":"https:\/\/sectorprensa.com.ar\/?p=70909","title":{"rendered":"Tolosa Paz: \u201cKicillof es el \u00fanico capaz de enfrentar al presidente para volver a tener esperanza\u201d"},"content":{"rendered":"\n<h6 class=\"wp-block-heading\"><strong>La diputada nacional de Uni\u00f3n por la Patria dijo que el gobernador bonaerense \u201ctiene una propuesta diametralmente opuesta a lo que promueve Javier Milei, que es un gran estafador\u201d.<\/strong><\/h6>\n\n\n\n<p>La diputada nacional de Uni\u00f3n por la Patria, Victoria Tolosa Paz, habl\u00f3 en la previa de la Apertura del 153\u00b0 per\u00edodo de Sesiones Ordinarias de la Legislatura bonaerense.<\/p>\n\n\n\n<p>\u201cTodas las expectativas del pueblo est\u00e1n puestas en este gobernador, que tiene una propuesta diametralmente opuesta a lo que promueve Javier Milei, que es un gran estafador, el primer presidente que nos averg\u00fcenza por estafar a millones de habitantes de nuestra patria y del mundo entero\u201d, expres\u00f3 Tolosa Paz.<\/p>\n\n\n\n<p>En este sentido, dijo que \u201cKicillof siempre dio la cara, proponiendo hacia adelante qu\u00e9 vamos a hacer y fundamentalmente llamando a la unidad del campo nacional y popular para volver a tener esperanza\u201d.<\/p>\n\n\n\n<p>Al ser consultada por el enfrentamiento de Javier Milei con el diputado Facundo Manes en el Congreso, Victoria Tolosa Paz afirm\u00f3: \u201cfue un papel\u00f3n absoluto, no s\u00f3lo por los endebles argumentos que esgrime el presidente, sino tambi\u00e9n por la frutilla del postre: Santiago Caputo agrediendo a un diputado, algo nunca visto\u201d y ratific\u00f3 su solidaridad con el legislador.<\/p>\n\n\n\n<p>Sobre un posible desdoblamiento en la Provincia de las PASO, manifest\u00f3 que \u201cKicillof representa una Argentina diferente, a partir de lo construido en la Provincia y a pesar del ajuste brutal en materia de obras\u201d. Por lo tanto, indico que \u201chay que defender y posicionarnos, porque la elecci\u00f3n de la Provincia se nacionaliza\u201d.<\/p>\n\n\n\n<p>Por \u00faltimo, Victoria Tolosa Paz indic\u00f3 que \u201ces una gravedad institucional in\u00e9dita que un Presidente lo invite (a Kicillof) a correrse de la Provincia a trav\u00e9s de un tuit\u201d. Por tal motivo, dijo que se \u201cmovi\u00f3 todo el arco pol\u00edtico en defensa del Gobernador\u201d. Y puntualiz\u00f3 que \u201ceste a\u00f1o tenemos que defender la democracia, porque tenemos un Presidente que no promueve una mayor desigualdad social. Kicllof representa todo lo opuesto y hay un camino posible\u201d.<\/p>\n\n\n\n<figure class=\"wp-block-embed is-type-wp-embed is-provider-sector-prensa wp-block-embed-sector-prensa\"><div class=\"wp-block-embed__wrapper\">\n<blockquote class=\"wp-embedded-content\" data-secret=\"npZR6w7MS8\"><a href=\"https:\/\/sectorprensa.com.ar\/?p=70906\">Kicillof: \u201cNo permitir\u00e9 que los bonaerenses queden librados a la prepotencia de un presidente que no respeta la democracia\u201d<\/a><\/blockquote><iframe loading=\"lazy\" class=\"wp-embedded-content\" sandbox=\"allow-scripts\" security=\"restricted\" style=\"position: absolute; clip: rect(1px, 1px, 1px, 1px);\" title=\"\u00abKicillof: \u201cNo permitir\u00e9 que los bonaerenses queden librados a la prepotencia de un presidente que no respeta la democracia\u201d\u00bb \u2014 Sector Prensa\" src=\"https:\/\/sectorprensa.com.ar\/?p=70906&#038;embed=true#?secret=lzr8hwDc54#?secret=npZR6w7MS8\" data-secret=\"npZR6w7MS8\" width=\"600\" height=\"338\" frameborder=\"0\" marginwidth=\"0\" marginheight=\"0\" scrolling=\"no\"><\/iframe>\n<\/div><\/figure>\n","protected":false},"excerpt":{"rendered":"<p>La diputada nacional de Uni\u00f3n por la Patria dijo que el gobernador bonaerense \u201ctiene una propuesta diametralmente opuesta a lo<\/p>\n","protected":false},"author":6,"featured_media":70910,"comment_status":"closed","ping_status":"closed","sticky":false,"template":"","format":"standard","meta":{"colormag_page_container_layout":"default_layout","colormag_page_sidebar_layout":"default_layout","footnotes":""},"categories":[17,8],"tags":[],"class_list":["post-70909","post","type-post","status-publish","format-standard","has-post-thumbnail","hentry","category-destacadas","category-politica"],"_links":{"self":[{"href":"https:\/\/sectorprensa.com.ar\/index.php?rest_route=\/wp\/v2\/posts\/70909","targetHints":{"allow":["GET"]}}],"collection":[{"href":"https:\/\/sectorprensa.com.ar\/index.php?rest_route=\/wp\/v2\/posts"}],"about":[{"href":"https:\/\/sectorprensa.com.ar\/index.php?rest_route=\/wp\/v2\/types\/post"}],"author":[{"embeddable":true,"href":"https:\/\/sectorprensa.com.ar\/index.php?rest_route=\/wp\/v2\/users\/6"}],"replies":[{"embeddable":true,"href":"https:\/\/sectorprensa.com.ar\/index.php?rest_route=%2Fwp%2Fv2%2Fcomments&post=70909"}],"version-history":[{"count":1,"href":"https:\/\/sectorprensa.com.ar\/index.php?rest_route=\/wp\/v2\/posts\/70909\/revisions"}],"predecessor-version":[{"id":70911,"href":"https:\/\/sectorprensa.com.ar\/index.php?rest_route=\/wp\/v2\/posts\/70909\/revisions\/70911"}],"wp:featuredmedia":[{"embeddable":true,"href":"https:\/\/sectorprensa.com.ar\/index.php?rest_route=\/wp\/v2\/media\/70910"}],"wp:attachment":[{"href":"https:\/\/sectorprensa.com.ar\/index.php?rest_route=%2Fwp%2Fv2%2Fmedia&parent=70909"}],"wp:term":[{"taxonomy":"category","embeddable":true,"href":"https:\/\/sectorprensa.com.ar\/index.php?rest_route=%2Fwp%2Fv2%2Fcategories&post=70909"},{"taxonomy":"post_tag","embeddable":true,"href":"https:\/\/sectorprensa.com.ar\/index.php?rest_route=%2Fwp%2Fv2%2Ftags&post=70909"}],"curies":[{"name":"wp","href":"https:\/\/api.w.org\/{rel}","templated":true}]}}