{"id":70916,"date":"2025-03-06T19:44:17","date_gmt":"2025-03-06T22:44:17","guid":{"rendered":"https:\/\/sectorprensa.com.ar\/?p=70916"},"modified":"2025-03-06T19:44:18","modified_gmt":"2025-03-06T22:44:18","slug":"sileoni-sobre-la-educacion-bonaerense-vamos-a-llegar-a-fin-de-ano-con-300-escuelas-inauguradas","status":"publish","type":"post","link":"https:\/\/sectorprensa.com.ar\/?p=70916","title":{"rendered":"Sileoni sobre la educaci\u00f3n bonaerense: \u00abvamos a llegar a fin de a\u00f1o con 300 escuelas inauguradas\u00bb"},"content":{"rendered":"\n<h6 class=\"wp-block-heading\"><strong>El Director General de Cultura y Educaci\u00f3n bonaerense detall\u00f3 el trabajo que se lleva a cabo en el sector. Adem\u00e1s, apunt\u00f3 contra Javier Milei por su discurso, se refiri\u00f3 al espacio de Axel Kicillof y pidi\u00f3 por la unidad del peronismo para ganar las elecciones legislativas.<\/strong><\/h6>\n\n\n\n<p>El Gobernador de la provincia de Buenos Aires, Axel Kicillof, dio inicio al per\u00edodo de sesiones ordinarias y en su discurso habl\u00f3 sobre diferentes temas de su gesti\u00f3n. Uno de ellos fue la educaci\u00f3n. Alberto Sileoni, Director General de Cultura y Educaci\u00f3n, remarc\u00f3 que este a\u00f1o el gobierno bonaerense planea finalizarlo con \u00ab300 escuelas inauguradas\u00bb, dijo que la educaci\u00f3n \u00abno son solo ladrillos\u00bb y repas\u00f3 las nuevas medidas para este sector. Por otra parte, critic\u00f3 al Presidente Javier Milei por no abordar este tema, entre otros, durante su discurso en el Congreso. En cuanto a Derecho al Futuro, espacio del mandatario provincial, asegur\u00f3 que no trata de dividir al peronismo, sino de debatir. En ese contexto, aclar\u00f3 que \u00abno tenemos ninguna oportunidad en las elecciones legislativas si estamos desunidos\u00bb.<\/p>\n\n\n\n<p>\u00abEl Gobernador dijo algo como que si uno va a explicar lo que est\u00e1 cortando a trav\u00e9s de la motosierra, se explica r\u00e1pido. Ahora, la construcci\u00f3n de un sistema de gobierno como el bonaerense, que alcanza a casi 18 millones de personas, con la complejidad que tiene esta provincia, eso lleva tiempo\u00bb, indic\u00f3 el funcionario en di\u00e1logo con el programa \u00abEl Tanke de B\u00fanker\u00bb, en Radio B\u00fanker 94.9.<\/p>\n\n\n\n<p>El discurso de Milei durante la apertura de sesiones ordinarias en el Congreso: \u00abHizo un discurso de 71 minutos y no habl\u00f3 de salud, educaci\u00f3n, justicia, cultura, trabajo. Se siente mucho la ausencia de un Estado Nacional que pueda hablarle a los argentinos\u00bb, resalt\u00f3.<\/p>\n\n\n\n<p>Por otra parte, destac\u00f3 que Kicillof \u00able da valor a la educaci\u00f3n\u00bb y agreg\u00f3 que no solamente son \u00abladrillos\u00bb, sino tambi\u00e9n \u00abpedagog\u00eda, libros, tecnolog\u00eda\u00bb. Adem\u00e1s, anticip\u00f3 que hay 20 escuelas m\u00e1s por inaugurar y que \u00abvamos a llegar a fin de a\u00f1o con un total de 300\u00bb.<\/p>\n\n\n\n<p>Los trabajos en infraestructura: \u00abLa materialidad de los docentes y estudiantes tiene que estar cuidada, porque tambi\u00e9n es otro aspecto de la calidad educativa. Hay que estar en sitios confortables, que uno no tenga fr\u00edo en invierno ni calor en verano. Que sea un lugar digno. En este 2025 arrancamos con el r\u00e9gimen acad\u00e9mico de la secundaria, con nuevos dise\u00f1os curriculares y m\u00e1s tiempo en la escuela para los chicos de la primaria. Con la distribuci\u00f3n de una colecci\u00f3n de ciencias para la escuela secundaria y superior. Una colecci\u00f3n de derechos humanos\u00bb, remarc\u00f3 Sileoni.<\/p>\n\n\n\n<p>El armado del espacio de Kicillof: \u00abHa ganado dos veces seguidas en Buenos Aires, sacando hasta 20 puntos diferencia. Hizo que Milei no pudiera ganar en ninguna de las tres instancias en la provincia, perdi\u00f3 las PASO, las generales y balotaje. Me parece que tiene derecho, es lo que pensamos desde aqu\u00ed, de construir un espacio como una herramienta de pensamiento que pueda converger con otras organizaciones y sectores del campo popular. De ning\u00fan modo se trata de un espacio para dividir. Es un espacio para discutir. Es un espacio de alguien que es la representaci\u00f3n pol\u00edtica m\u00e1s importante de la gesti\u00f3n, quien gestiona una responsabilidad enorme. No desconozco la figura de Cristina, ella es pasado, presente y futuro\u00bb, dijo.<\/p>\n\n\n\n<p>La ausencia de algunos dirigentes del peronismo durante el discurso: \u00abHubo dirigentes de la C\u00e1mpora, compa\u00f1eros que expresan ese espacio. Hay di\u00e1logo permanente, coincidencias en una gran cantidad de temas. R\u00e1pidamente el PJ bonaerense y Nacional se pusieron a disposici\u00f3n de Axel Kicillof y compartieron el rechazo a la idea del Presidente de intervenir la provincia\u00bb, asegur\u00f3.<\/p>\n\n\n\n<p>Con respecto a las elecciones legislativas de este a\u00f1o, resalt\u00f3 que \u00abno tenemos ninguna oportunidad para encarar las elecciones de este a\u00f1o y presentarnos ante la sociedad como alternativa al futuro si estamos desunidos\u00bb.<\/p>\n\n\n\n<figure class=\"wp-block-embed is-type-wp-embed is-provider-sector-prensa wp-block-embed-sector-prensa\"><div class=\"wp-block-embed__wrapper\">\n<blockquote class=\"wp-embedded-content\" data-secret=\"qVPO6T266u\"><a href=\"https:\/\/sectorprensa.com.ar\/?p=70870\">Kicillof inaugur\u00f3 el ciclo lectivo 2025: \u201cVamos a hacer un gran esfuerzo para inaugurar 50 nuevas escuelas\u201d<\/a><\/blockquote><iframe loading=\"lazy\" class=\"wp-embedded-content\" sandbox=\"allow-scripts\" security=\"restricted\" style=\"position: absolute; clip: rect(1px, 1px, 1px, 1px);\" title=\"\u00abKicillof inaugur\u00f3 el ciclo lectivo 2025: \u201cVamos a hacer un gran esfuerzo para inaugurar 50 nuevas escuelas\u201d\u00bb \u2014 Sector Prensa\" src=\"https:\/\/sectorprensa.com.ar\/?p=70870&#038;embed=true#?secret=w07rvTGnN7#?secret=qVPO6T266u\" data-secret=\"qVPO6T266u\" width=\"600\" height=\"338\" frameborder=\"0\" marginwidth=\"0\" marginheight=\"0\" scrolling=\"no\"><\/iframe>\n<\/div><\/figure>\n","protected":false},"excerpt":{"rendered":"<p>El Director General de Cultura y Educaci\u00f3n bonaerense detall\u00f3 el trabajo que se lleva a cabo en el sector. Adem\u00e1s,<\/p>\n","protected":false},"author":5,"featured_media":70917,"comment_status":"closed","ping_status":"closed","sticky":false,"template":"","format":"standard","meta":{"colormag_page_container_layout":"default_layout","colormag_page_sidebar_layout":"default_layout","footnotes":""},"categories":[6828,8,18],"tags":[5807,1011],"class_list":["post-70916","post","type-post","status-publish","format-standard","has-post-thumbnail","hentry","category-mas-destacadas","category-politica","category-provincia","tag-alberto-sileoni","tag-educacion"],"_links":{"self":[{"href":"https:\/\/sectorprensa.com.ar\/index.php?rest_route=\/wp\/v2\/posts\/70916","targetHints":{"allow":["GET"]}}],"collection":[{"href":"https:\/\/sectorprensa.com.ar\/index.php?rest_route=\/wp\/v2\/posts"}],"about":[{"href":"https:\/\/sectorprensa.com.ar\/index.php?rest_route=\/wp\/v2\/types\/post"}],"author":[{"embeddable":true,"href":"https:\/\/sectorprensa.com.ar\/index.php?rest_route=\/wp\/v2\/users\/5"}],"replies":[{"embeddable":true,"href":"https:\/\/sectorprensa.com.ar\/index.php?rest_route=%2Fwp%2Fv2%2Fcomments&post=70916"}],"version-history":[{"count":1,"href":"https:\/\/sectorprensa.com.ar\/index.php?rest_route=\/wp\/v2\/posts\/70916\/revisions"}],"predecessor-version":[{"id":70918,"href":"https:\/\/sectorprensa.com.ar\/index.php?rest_route=\/wp\/v2\/posts\/70916\/revisions\/70918"}],"wp:featuredmedia":[{"embeddable":true,"href":"https:\/\/sectorprensa.com.ar\/index.php?rest_route=\/wp\/v2\/media\/70917"}],"wp:attachment":[{"href":"https:\/\/sectorprensa.com.ar\/index.php?rest_route=%2Fwp%2Fv2%2Fmedia&parent=70916"}],"wp:term":[{"taxonomy":"category","embeddable":true,"href":"https:\/\/sectorprensa.com.ar\/index.php?rest_route=%2Fwp%2Fv2%2Fcategories&post=70916"},{"taxonomy":"post_tag","embeddable":true,"href":"https:\/\/sectorprensa.com.ar\/index.php?rest_route=%2Fwp%2Fv2%2Ftags&post=70916"}],"curies":[{"name":"wp","href":"https:\/\/api.w.org\/{rel}","templated":true}]}}