{"id":70999,"date":"2025-03-11T12:40:36","date_gmt":"2025-03-11T15:40:36","guid":{"rendered":"https:\/\/sectorprensa.com.ar\/?p=70999"},"modified":"2025-03-11T14:34:47","modified_gmt":"2025-03-11T17:34:47","slug":"merlo-inicio-un-nuevo-periodo-de-sesiones-ordinarias","status":"publish","type":"post","link":"https:\/\/sectorprensa.com.ar\/?p=70999","title":{"rendered":"Merlo: inici\u00f3 un nuevo per\u00edodo de sesiones ordinarias"},"content":{"rendered":"\n<h6 class=\"wp-block-heading\"><strong>El encargado de la apertura de sesiones fue el Intendente Gustavo Men\u00e9ndez, junto a Concejales y funcionarios municipales. El jefe comunal brind\u00f3 un discurso destacando los logros de la gesti\u00f3n.<\/strong><\/h6>\n\n\n\n<p>En el Honorable Concejo Deliberante de Merlo, el Intendente Gustavo Men\u00e9ndez encabez\u00f3 la apertura de sesiones ordinarias en el distrito. Estuvo acompa\u00f1ado de Concejales, vecinos y autoridades. All\u00ed, repas\u00f3 lo conseguido en su gesti\u00f3n en materia de educaci\u00f3n, obras p\u00fablicas, deporte, cultura, entre otros.<\/p>\n\n\n\n<p>Sumado a los logros en su mandato, el jefe comunal brind\u00f3 un discurso donde tambi\u00e9n detall\u00f3 las pol\u00edticas que se vendr\u00e1n en el Municipio. \u00abEs la mejor forma de comunicarle a nuestro pueblo qu\u00e9 es lo que se hizo y qu\u00e9 es lo que se pretende hacer en este a\u00f1o calendario. Y eso lo podemos hacer por tener la enorme suerte de vivir en democracia\u00bb, indic\u00f3.<\/p>\n\n\n\n<p>En lo que respecta a la salud, Men\u00e9ndez destac\u00f3 que la intenci\u00f3n es \u00abfortalecer\u00bb y \u00abmantener\u00bb la atenci\u00f3n en los hospitales y unidades sanitarias por medio de los programas provinciales y municipales.<\/p>\n\n\n\n<p>El mandatario local resalt\u00f3 lo hecho en \u00e1reas como obras p\u00fablicas, educaci\u00f3n, deportes, cultura, integraci\u00f3n social, desarrollo econ\u00f3mico y protecci\u00f3n ciudadana. En ese marco, agreg\u00f3 que el pueblo \u00abtiene posibilidades de salir adelante\u00bb con las herramientas que brindan \u00abla pol\u00edtica y el Estado\u00bb.<\/p>\n\n\n\n<figure class=\"wp-block-embed is-type-wp-embed is-provider-sector-prensa wp-block-embed-sector-prensa\"><div class=\"wp-block-embed__wrapper\">\n<blockquote class=\"wp-embedded-content\" data-secret=\"GPFC0KK7SE\"><a href=\"https:\/\/sectorprensa.com.ar\/?p=70982\">Merlo: se realiz\u00f3 la \u00faltima jornada de carnaval<\/a><\/blockquote><iframe loading=\"lazy\" class=\"wp-embedded-content\" sandbox=\"allow-scripts\" security=\"restricted\" style=\"position: absolute; clip: rect(1px, 1px, 1px, 1px);\" title=\"\u00abMerlo: se realiz\u00f3 la \u00faltima jornada de carnaval\u00bb \u2014 Sector Prensa\" src=\"https:\/\/sectorprensa.com.ar\/?p=70982&#038;embed=true#?secret=bhpeN08T0d#?secret=GPFC0KK7SE\" data-secret=\"GPFC0KK7SE\" width=\"600\" height=\"338\" frameborder=\"0\" marginwidth=\"0\" marginheight=\"0\" scrolling=\"no\"><\/iframe>\n<\/div><\/figure>\n","protected":false},"excerpt":{"rendered":"<p>El encargado de la apertura de sesiones fue el Intendente Gustavo Men\u00e9ndez, junto a Concejales y funcionarios municipales. El jefe<\/p>\n","protected":false},"author":5,"featured_media":71000,"comment_status":"closed","ping_status":"closed","sticky":false,"template":"","format":"standard","meta":{"colormag_page_container_layout":"default_layout","colormag_page_sidebar_layout":"default_layout","footnotes":""},"categories":[17,7,1173],"tags":[4976,25],"class_list":["post-70999","post","type-post","status-publish","format-standard","has-post-thumbnail","hentry","category-destacadas","category-merlo","category-municipales","tag-apertura-de-sesiones-ordinarias","tag-merlo"],"_links":{"self":[{"href":"https:\/\/sectorprensa.com.ar\/index.php?rest_route=\/wp\/v2\/posts\/70999","targetHints":{"allow":["GET"]}}],"collection":[{"href":"https:\/\/sectorprensa.com.ar\/index.php?rest_route=\/wp\/v2\/posts"}],"about":[{"href":"https:\/\/sectorprensa.com.ar\/index.php?rest_route=\/wp\/v2\/types\/post"}],"author":[{"embeddable":true,"href":"https:\/\/sectorprensa.com.ar\/index.php?rest_route=\/wp\/v2\/users\/5"}],"replies":[{"embeddable":true,"href":"https:\/\/sectorprensa.com.ar\/index.php?rest_route=%2Fwp%2Fv2%2Fcomments&post=70999"}],"version-history":[{"count":1,"href":"https:\/\/sectorprensa.com.ar\/index.php?rest_route=\/wp\/v2\/posts\/70999\/revisions"}],"predecessor-version":[{"id":71001,"href":"https:\/\/sectorprensa.com.ar\/index.php?rest_route=\/wp\/v2\/posts\/70999\/revisions\/71001"}],"wp:featuredmedia":[{"embeddable":true,"href":"https:\/\/sectorprensa.com.ar\/index.php?rest_route=\/wp\/v2\/media\/71000"}],"wp:attachment":[{"href":"https:\/\/sectorprensa.com.ar\/index.php?rest_route=%2Fwp%2Fv2%2Fmedia&parent=70999"}],"wp:term":[{"taxonomy":"category","embeddable":true,"href":"https:\/\/sectorprensa.com.ar\/index.php?rest_route=%2Fwp%2Fv2%2Fcategories&post=70999"},{"taxonomy":"post_tag","embeddable":true,"href":"https:\/\/sectorprensa.com.ar\/index.php?rest_route=%2Fwp%2Fv2%2Ftags&post=70999"}],"curies":[{"name":"wp","href":"https:\/\/api.w.org\/{rel}","templated":true}]}}