{"id":71002,"date":"2025-03-11T14:34:21","date_gmt":"2025-03-11T17:34:21","guid":{"rendered":"https:\/\/sectorprensa.com.ar\/?p=71002"},"modified":"2025-03-11T14:34:22","modified_gmt":"2025-03-11T17:34:22","slug":"milei-firmo-el-decreto-que-autoriza-el-acuerdo-con-el-fmi","status":"publish","type":"post","link":"https:\/\/sectorprensa.com.ar\/?p=71002","title":{"rendered":"Milei firm\u00f3 el decreto que autoriza el acuerdo con el FMI"},"content":{"rendered":"\n<h6 class=\"wp-block-heading\"><strong>A\u00fan no se dio a conocer el monto del pr\u00e9stamo, el Presidente asegur\u00f3 que ser\u00e1 destinado a pagar la deuda con el Banco Central.<\/strong><\/h6>\n\n\n\n<p>A pesar de que el Presidente Javier Milei pidi\u00f3 en la apertura de sesiones ordinarias el apoyo del Congreso para aprobar un nuevo acuerdo con el FMI, este lunes por la noche firm\u00f3 el decreto que autoriza el mismo. El documento argumenta que el pa\u00eds \u00abexige adoptar, de manera sostenida, medidas que permitan estabilizar la macroeconom\u00eda\u00bb.<\/p>\n\n\n\n<p>El mandatario asegur\u00f3 que los fondos recibidos ser\u00e1n destinados a la cancelaci\u00f3n de la deuda que mantiene el Estado con el Banco Central, lo cual plante\u00f3 como \u00abimperioso\u00bb para una mejora en la posici\u00f3n financiera y liquidez de las reservas internacionales.<\/p>\n\n\n\n<p>Si bien a\u00fan no hay confirmaciones del monto, se estima que la Argentina recibir\u00eda entre 10 y 20 mil millones de d\u00f3lares, tampoco se conocen los plazos y desembolsos. Por otra parte, no habr\u00eda una devaluaci\u00f3n en un corto plazo, de acuerdo a lo dicho por el Ministro de Econom\u00eda, Luis Caputo.<\/p>\n\n\n\n<p>Con respecto a las condiciones, el nuevo programa contemplar\u00eda reformas estructurales y medidas de ajuste fiscal alineadas con las exigencias del organismo.<\/p>\n\n\n\n<p><blockquote class=\"wp-embedded-content\" data-secret=\"MF9EfmV0zq\"><a href=\"https:\/\/sectorprensa.com.ar\/?p=70989\">Kicillof apunt\u00f3 contra Milei por las inundaciones en Bah\u00eda Blanca<\/a><\/blockquote><iframe loading=\"lazy\" class=\"wp-embedded-content\" sandbox=\"allow-scripts\" security=\"restricted\" style=\"position: absolute; clip: rect(1px, 1px, 1px, 1px);\" title=\"\u00abKicillof apunt\u00f3 contra Milei por las inundaciones en Bah\u00eda Blanca\u00bb \u2014 Sector Prensa\" src=\"https:\/\/sectorprensa.com.ar\/?p=70989&#038;embed=true#?secret=YvGAyd0vfP#?secret=MF9EfmV0zq\" data-secret=\"MF9EfmV0zq\" width=\"600\" height=\"338\" frameborder=\"0\" marginwidth=\"0\" marginheight=\"0\" scrolling=\"no\"><\/iframe><\/p>\n","protected":false},"excerpt":{"rendered":"<p>A\u00fan no se dio a conocer el monto del pr\u00e9stamo, el Presidente asegur\u00f3 que ser\u00e1 destinado a pagar la deuda<\/p>\n","protected":false},"author":5,"featured_media":71003,"comment_status":"closed","ping_status":"closed","sticky":false,"template":"","format":"standard","meta":{"colormag_page_container_layout":"default_layout","colormag_page_sidebar_layout":"default_layout","footnotes":""},"categories":[6828,8],"tags":[1558,6221],"class_list":["post-71002","post","type-post","status-publish","format-standard","has-post-thumbnail","hentry","category-mas-destacadas","category-politica","tag-fmi","tag-javier-milei"],"_links":{"self":[{"href":"https:\/\/sectorprensa.com.ar\/index.php?rest_route=\/wp\/v2\/posts\/71002","targetHints":{"allow":["GET"]}}],"collection":[{"href":"https:\/\/sectorprensa.com.ar\/index.php?rest_route=\/wp\/v2\/posts"}],"about":[{"href":"https:\/\/sectorprensa.com.ar\/index.php?rest_route=\/wp\/v2\/types\/post"}],"author":[{"embeddable":true,"href":"https:\/\/sectorprensa.com.ar\/index.php?rest_route=\/wp\/v2\/users\/5"}],"replies":[{"embeddable":true,"href":"https:\/\/sectorprensa.com.ar\/index.php?rest_route=%2Fwp%2Fv2%2Fcomments&post=71002"}],"version-history":[{"count":1,"href":"https:\/\/sectorprensa.com.ar\/index.php?rest_route=\/wp\/v2\/posts\/71002\/revisions"}],"predecessor-version":[{"id":71004,"href":"https:\/\/sectorprensa.com.ar\/index.php?rest_route=\/wp\/v2\/posts\/71002\/revisions\/71004"}],"wp:featuredmedia":[{"embeddable":true,"href":"https:\/\/sectorprensa.com.ar\/index.php?rest_route=\/wp\/v2\/media\/71003"}],"wp:attachment":[{"href":"https:\/\/sectorprensa.com.ar\/index.php?rest_route=%2Fwp%2Fv2%2Fmedia&parent=71002"}],"wp:term":[{"taxonomy":"category","embeddable":true,"href":"https:\/\/sectorprensa.com.ar\/index.php?rest_route=%2Fwp%2Fv2%2Fcategories&post=71002"},{"taxonomy":"post_tag","embeddable":true,"href":"https:\/\/sectorprensa.com.ar\/index.php?rest_route=%2Fwp%2Fv2%2Ftags&post=71002"}],"curies":[{"name":"wp","href":"https:\/\/api.w.org\/{rel}","templated":true}]}}