{"id":71017,"date":"2025-03-12T16:04:58","date_gmt":"2025-03-12T19:04:58","guid":{"rendered":"https:\/\/sectorprensa.com.ar\/?p=71017"},"modified":"2025-03-12T16:04:58","modified_gmt":"2025-03-12T19:04:58","slug":"mariel-fernandez-en-la-apertura-de-sesiones-de-moreno-que-carajo-hacen-con-la-plata-de-los-argentinos","status":"publish","type":"post","link":"https:\/\/sectorprensa.com.ar\/?p=71017","title":{"rendered":"Mariel Fern\u00e1ndez en la apertura de sesiones de Moreno: \u00ab\u00bfQu\u00e9 carajo hacen con la plata de los argentinos?\u00bb"},"content":{"rendered":"\n<h6 class=\"wp-block-heading\"><strong>La Intendenta estuvo a cargo de la apertura de sesiones ordinarias y denunci\u00f3 la falta de fondos nacionales. \u00abLa cuesti\u00f3n es si distribuimos esa riqueza o la dejamos en manos de unos pocos oportunistas que encima se r\u00eden de nosotros\u00bb, dijo.<\/strong><\/h6>\n\n\n\n<p>En el Club Los Indios de Moreno se llev\u00f3 a cabo la apertura de sesiones ordinarias, encabezada por la Intendenta Mariel Fern\u00e1ndez, donde se denunci\u00f3 la falta de fondos por parte del gobierno nacional. Otros ejes fueron la inversi\u00f3n local en materia de seguridad y obras p\u00fablicas y el desarrollo productivo.<\/p>\n\n\n\n<p>\u00abEl gobierno de Milei no nos mand\u00f3 m\u00e1s el fondo de seguridad que llegaba a la provincia de Buenos Aires, unos 750.000 millones de pesos que luego se distribu\u00edan entre los municipios para la compra de patrulleros y equipamiento policial\u00bb, manifest\u00f3 la jefa comunal.<\/p>\n\n\n\n<p>La inversi\u00f3n que debi\u00f3 hacer el Municipio debido a la falta de fondos nacionales: \u00abInvertimos en seguridad 14.1994 millones de pesos. \u00bfDe d\u00f3nde salieron? Se lo restamos a la obra p\u00fablica, a la inversi\u00f3n comunitaria que nuestro municipio necesita. No nos corresponde hacerlo, pero lo hacemos igual porque pensamos en el cuidado del pueblo de Moreno\u00bb, destac\u00f3.<\/p>\n\n\n\n<p>La mandataria local tambi\u00e9n critic\u00f3 al Presidente Javier Milei y su modelo de gobierno: \u00abNo es que tenemos una Argentina pobre, nuestro pa\u00eds es rico. La cuesti\u00f3n es si distribuimos esa riqueza o la dejamos en manos de unos pocos oportunistas que encima se r\u00eden de nosotros\u00bb, dijo.<\/p>\n\n\n\n<p>\u00abNo hay equilibrio fiscal cuando crece la pobreza, cuando no se invierte en obra p\u00fablica, en educaci\u00f3n y en salud. No es equilibrio fiscal si vos tenes la gente afuera, si a un trabajador asalariado le dura su salario una semana, y si no tienen en cuenta tampoco a todos los trabajadores de la econom\u00eda popular\u00bb, afirm\u00f3 Fern\u00e1ndez.<\/p>\n\n\n\n<p>En relaci\u00f3n al desarrollo productivo, resalt\u00f3 que Moreno es el distrito con \u00abmayor desarrollo Pyme\u00bb de la provincia de Buenos Aires. \u00abEs un orgullo para nosotros a pesar de la situaci\u00f3n seguir siendo sede para la radicaci\u00f3n de nuevas industrias\u00bb, agreg\u00f3.<\/p>\n\n\n\n<p>La reivindicaci\u00f3n del turismo local: \u00abAlgunos se r\u00eden del turismo en Moreno, pero \u00bfc\u00f3mo va a gobernar alguien un lugar que no quiere? Nosotros amamos profundamente lo que somos, nuestra tierra, nuestro pueblo, a nuestras organizaciones que trabajan solidariamente todos los d\u00edas\u00bb, expres\u00f3.<\/p>\n\n\n\n<p>La presencia del Estado local y la pol\u00edtica: \u00abLa pol\u00edtica, no olvidemos, es un instrumento para transformar las cosas, un instrumento para mejorar la vida de nuestro pueblo, no es para otra cosa. Nosotros venimos a trabajar por el bien com\u00fan, nosotros vinimos a devolver la dignidad al pueblo de Moreno\u00bb, cerr\u00f3.<\/p>\n\n\n\n<figure class=\"wp-block-embed is-type-wp-embed is-provider-sector-prensa wp-block-embed-sector-prensa\"><div class=\"wp-block-embed__wrapper\">\n<blockquote class=\"wp-embedded-content\" data-secret=\"03CBnmmnjN\"><a href=\"https:\/\/sectorprensa.com.ar\/?p=70794\">Moreno: gracias al Centro de Monitoreo Municipal se detuvo a una banda delictiva<\/a><\/blockquote><iframe loading=\"lazy\" class=\"wp-embedded-content\" sandbox=\"allow-scripts\" security=\"restricted\" style=\"position: absolute; clip: rect(1px, 1px, 1px, 1px);\" title=\"\u00abMoreno: gracias al Centro de Monitoreo Municipal se detuvo a una banda delictiva\u00bb \u2014 Sector Prensa\" src=\"https:\/\/sectorprensa.com.ar\/?p=70794&#038;embed=true#?secret=PJrNdTZ6xh#?secret=03CBnmmnjN\" data-secret=\"03CBnmmnjN\" width=\"600\" height=\"338\" frameborder=\"0\" marginwidth=\"0\" marginheight=\"0\" scrolling=\"no\"><\/iframe>\n<\/div><\/figure>\n","protected":false},"excerpt":{"rendered":"<p>La Intendenta estuvo a cargo de la apertura de sesiones ordinarias y denunci\u00f3 la falta de fondos nacionales. \u00abLa cuesti\u00f3n<\/p>\n","protected":false},"author":5,"featured_media":71018,"comment_status":"closed","ping_status":"closed","sticky":false,"template":"","format":"standard","meta":{"colormag_page_container_layout":"default_layout","colormag_page_sidebar_layout":"default_layout","footnotes":""},"categories":[17,2154,1173],"tags":[4976,2898,437],"class_list":["post-71017","post","type-post","status-publish","format-standard","has-post-thumbnail","hentry","category-destacadas","category-moreno","category-municipales","tag-apertura-de-sesiones-ordinarias","tag-mariel-fernandez","tag-moreno"],"_links":{"self":[{"href":"https:\/\/sectorprensa.com.ar\/index.php?rest_route=\/wp\/v2\/posts\/71017","targetHints":{"allow":["GET"]}}],"collection":[{"href":"https:\/\/sectorprensa.com.ar\/index.php?rest_route=\/wp\/v2\/posts"}],"about":[{"href":"https:\/\/sectorprensa.com.ar\/index.php?rest_route=\/wp\/v2\/types\/post"}],"author":[{"embeddable":true,"href":"https:\/\/sectorprensa.com.ar\/index.php?rest_route=\/wp\/v2\/users\/5"}],"replies":[{"embeddable":true,"href":"https:\/\/sectorprensa.com.ar\/index.php?rest_route=%2Fwp%2Fv2%2Fcomments&post=71017"}],"version-history":[{"count":1,"href":"https:\/\/sectorprensa.com.ar\/index.php?rest_route=\/wp\/v2\/posts\/71017\/revisions"}],"predecessor-version":[{"id":71019,"href":"https:\/\/sectorprensa.com.ar\/index.php?rest_route=\/wp\/v2\/posts\/71017\/revisions\/71019"}],"wp:featuredmedia":[{"embeddable":true,"href":"https:\/\/sectorprensa.com.ar\/index.php?rest_route=\/wp\/v2\/media\/71018"}],"wp:attachment":[{"href":"https:\/\/sectorprensa.com.ar\/index.php?rest_route=%2Fwp%2Fv2%2Fmedia&parent=71017"}],"wp:term":[{"taxonomy":"category","embeddable":true,"href":"https:\/\/sectorprensa.com.ar\/index.php?rest_route=%2Fwp%2Fv2%2Fcategories&post=71017"},{"taxonomy":"post_tag","embeddable":true,"href":"https:\/\/sectorprensa.com.ar\/index.php?rest_route=%2Fwp%2Fv2%2Ftags&post=71017"}],"curies":[{"name":"wp","href":"https:\/\/api.w.org\/{rel}","templated":true}]}}