{"id":71097,"date":"2025-03-18T21:35:10","date_gmt":"2025-03-19T00:35:10","guid":{"rendered":"https:\/\/sectorprensa.com.ar\/?p=71097"},"modified":"2025-03-18T21:35:11","modified_gmt":"2025-03-19T00:35:11","slug":"el-pj-expreso-su-rechazo-sobre-el-acuerdo-con-el-fmi","status":"publish","type":"post","link":"https:\/\/sectorprensa.com.ar\/?p=71097","title":{"rendered":"El PJ expres\u00f3 su rechazo sobre el acuerdo con el FMI"},"content":{"rendered":"\n<h6 class=\"wp-block-heading\"><strong>El espacio que lidera Cristina Fern\u00e1ndez de Kirchner sostuvo que \u00abMilei pretende eludir el cumplimiento de la Ley 27.612\u00bb. Tambi\u00e9n pidi\u00f3 a sus Diputados que voten en contra del mismo.<\/strong><\/h6>\n\n\n\n<p>Esta tarde, el Partido Justicialista llev\u00f3 adelante una reuni\u00f3n, que encabez\u00f3 la titular Cristina Fern\u00e1ndez de Kirchner, para fijar su posici\u00f3n sobre el proyecto del nuevo acuerdo con el FMI. Finalmente, el espacio pol\u00edtico expres\u00f3 su rechazo y argument\u00f3 que el Presidente Javier Milei busca \u00abeludir el cumplimiento de la Ley 27.612\u00bb.<\/p>\n\n\n\n<p>\u00abJavier Milei pretende eludir el cumplimiento de la Ley 27.612 que obliga al Poder Ejecutivo a remitir al Poder Legislativo el texto completo y final del nuevo acuerdo con el FMI, indicando monto, tasa de inter\u00e9s fijada, fechas de vencimiento y dem\u00e1s condicionalidades\u00bb, dijeron por medio de un comunicado.<\/p>\n\n\n\n<p>\u00abVulnera el art\u00edculo 75, inciso 7 de la Constituci\u00f3n Nacional\u00bb, agregaron. En el mismo, se establece que el Congreso debe pagar \u00abla deuda exterior e interior\u00bb.<\/p>\n\n\n\n<p>\u00abSi los diputados y senadores argentinos votan a favor del DNU 179\/25, le estar\u00edan concediendo a Milei \u2018facultades extraordinarias\u2019 que son nulas de manera absoluta e insanable\u00bb, advirti\u00f3 el PJ.<\/p>\n\n\n\n<p>\u00abEl Partido Justicialista Nacional rechaza en todos sus t\u00e9rminos el DNU 179\/25 y cualquier operaci\u00f3n de cr\u00e9dito con el FMI que se realice violando el sistema normativo nacional y a espaldas del pueblo argentino\u00bb, cierra el escrito.<\/p>\n\n\n\n<figure class=\"wp-block-embed is-type-wp-embed is-provider-sector-prensa wp-block-embed-sector-prensa\"><div class=\"wp-block-embed__wrapper\">\n<blockquote class=\"wp-embedded-content\" data-secret=\"VD00Cmli7A\"><a href=\"https:\/\/sectorprensa.com.ar\/?p=71091\">Francos sobre la pr\u00f3xima marcha de jubilados: \u00abser\u00e1n reprimidos si utilizan la violencia para expresarse\u00bb<\/a><\/blockquote><iframe loading=\"lazy\" class=\"wp-embedded-content\" sandbox=\"allow-scripts\" security=\"restricted\" style=\"position: absolute; clip: rect(1px, 1px, 1px, 1px);\" title=\"\u00abFrancos sobre la pr\u00f3xima marcha de jubilados: \u00abser\u00e1n reprimidos si utilizan la violencia para expresarse\u00bb\u00bb \u2014 Sector Prensa\" src=\"https:\/\/sectorprensa.com.ar\/?p=71091&#038;embed=true#?secret=9GYa5u4H11#?secret=VD00Cmli7A\" data-secret=\"VD00Cmli7A\" width=\"600\" height=\"338\" frameborder=\"0\" marginwidth=\"0\" marginheight=\"0\" scrolling=\"no\"><\/iframe>\n<\/div><\/figure>\n","protected":false},"excerpt":{"rendered":"<p>El espacio que lidera Cristina Fern\u00e1ndez de Kirchner sostuvo que \u00abMilei pretende eludir el cumplimiento de la Ley 27.612\u00bb. Tambi\u00e9n<\/p>\n","protected":false},"author":5,"featured_media":71098,"comment_status":"closed","ping_status":"closed","sticky":false,"template":"","format":"standard","meta":{"colormag_page_container_layout":"default_layout","colormag_page_sidebar_layout":"default_layout","footnotes":""},"categories":[6828,8],"tags":[1558,6221,5769],"class_list":["post-71097","post","type-post","status-publish","format-standard","has-post-thumbnail","hentry","category-mas-destacadas","category-politica","tag-fmi","tag-javier-milei","tag-partido-justicialista"],"_links":{"self":[{"href":"https:\/\/sectorprensa.com.ar\/index.php?rest_route=\/wp\/v2\/posts\/71097","targetHints":{"allow":["GET"]}}],"collection":[{"href":"https:\/\/sectorprensa.com.ar\/index.php?rest_route=\/wp\/v2\/posts"}],"about":[{"href":"https:\/\/sectorprensa.com.ar\/index.php?rest_route=\/wp\/v2\/types\/post"}],"author":[{"embeddable":true,"href":"https:\/\/sectorprensa.com.ar\/index.php?rest_route=\/wp\/v2\/users\/5"}],"replies":[{"embeddable":true,"href":"https:\/\/sectorprensa.com.ar\/index.php?rest_route=%2Fwp%2Fv2%2Fcomments&post=71097"}],"version-history":[{"count":1,"href":"https:\/\/sectorprensa.com.ar\/index.php?rest_route=\/wp\/v2\/posts\/71097\/revisions"}],"predecessor-version":[{"id":71099,"href":"https:\/\/sectorprensa.com.ar\/index.php?rest_route=\/wp\/v2\/posts\/71097\/revisions\/71099"}],"wp:featuredmedia":[{"embeddable":true,"href":"https:\/\/sectorprensa.com.ar\/index.php?rest_route=\/wp\/v2\/media\/71098"}],"wp:attachment":[{"href":"https:\/\/sectorprensa.com.ar\/index.php?rest_route=%2Fwp%2Fv2%2Fmedia&parent=71097"}],"wp:term":[{"taxonomy":"category","embeddable":true,"href":"https:\/\/sectorprensa.com.ar\/index.php?rest_route=%2Fwp%2Fv2%2Fcategories&post=71097"},{"taxonomy":"post_tag","embeddable":true,"href":"https:\/\/sectorprensa.com.ar\/index.php?rest_route=%2Fwp%2Fv2%2Ftags&post=71097"}],"curies":[{"name":"wp","href":"https:\/\/api.w.org\/{rel}","templated":true}]}}