{"id":71202,"date":"2025-03-24T14:49:43","date_gmt":"2025-03-24T17:49:43","guid":{"rendered":"https:\/\/sectorprensa.com.ar\/?p=71202"},"modified":"2025-03-24T14:49:44","modified_gmt":"2025-03-24T17:49:44","slug":"reaparecio-alberto-fernandez-y-critico-al-gobierno-de-javier-milei-por-el-acuerdo-con-el-fmi","status":"publish","type":"post","link":"https:\/\/sectorprensa.com.ar\/?p=71202","title":{"rendered":"Reapareci\u00f3 Alberto Fern\u00e1ndez y critic\u00f3 al gobierno de Javier Milei por el acuerdo con el FMI"},"content":{"rendered":"\n<h6 class=\"wp-block-heading\"><strong>El ex Presidente dijo que el gobierno nacional \u00abrecurre otra vez al endeudamiento como una soluci\u00f3n\u00bb. Adem\u00e1s, pidi\u00f3 que tengan \u00abresponsabilidad\u00bb.<\/strong><\/h6>\n\n\n\n<p>En medio del juicio por violencia de g\u00e9nero contra Fabiola Y\u00e1\u00f1ez, el ex Presidente Alberto Fern\u00e1ndez reapareci\u00f3 y carg\u00f3 contra el gobierno de Javier Milei. En su cr\u00edtica manifest\u00f3 que \u00abel gobierno nacional devalu\u00f3 nuestra moneda y ajust\u00f3 el gasto p\u00fablico\u00bb y agreg\u00f3 que en ese contexto \u00abrecurre otra vez al endeudamiento\u00bb.<\/p>\n\n\n\n<p>El ex Presidente, se refiri\u00f3 a las medidas del actual mandatario nacional y dijo: \u00abEl gobierno nacional devalu\u00f3 la moneda, ajust\u00f3 el gasto p\u00fablico hasta la impudicia, llev\u00f3 adelante un sistem\u00e1tico plan de supresi\u00f3n del Estado, provoc\u00f3 el cierre de un n\u00famero incontable de comercios e industrias, aument\u00f3 el desempleo, deprimi\u00f3 los salarios y perdi\u00f3 reservas. En este contexto, recurre otra vez al endeudamiento como soluci\u00f3n\u00bb.<\/p>\n\n\n\n<p>\u00abCuando el organismo me propuso que tomara el cr\u00e9dito remanente que le hab\u00edan otorgado a Macri, les dije simplemente: \u2018Si no podemos pagar 45 mil millones de d\u00f3lares, \u00bfc\u00f3mo vamos a hacer para pagar m\u00e1s de 55 mil millones?\u2026 Sean responsables porque hasta aqu\u00ed no lo han sido\u2019 \u00ab, record\u00f3 Fern\u00e1ndez.<\/p>\n\n\n\n<figure class=\"wp-block-embed is-type-wp-embed is-provider-sector-prensa wp-block-embed-sector-prensa\"><div class=\"wp-block-embed__wrapper\">\n<blockquote class=\"wp-embedded-content\" data-secret=\"BrlVcxysME\"><a href=\"https:\/\/sectorprensa.com.ar\/?p=71167\">Estela de Carlotto pidi\u00f3 que Cristina y Kicillof \u00abse den la mano\u00bb<\/a><\/blockquote><iframe loading=\"lazy\" class=\"wp-embedded-content\" sandbox=\"allow-scripts\" security=\"restricted\" style=\"position: absolute; clip: rect(1px, 1px, 1px, 1px);\" title=\"\u00abEstela de Carlotto pidi\u00f3 que Cristina y Kicillof \u00abse den la mano\u00bb\u00bb \u2014 Sector Prensa\" src=\"https:\/\/sectorprensa.com.ar\/?p=71167&#038;embed=true#?secret=fYDiU3MOct#?secret=BrlVcxysME\" data-secret=\"BrlVcxysME\" width=\"600\" height=\"338\" frameborder=\"0\" marginwidth=\"0\" marginheight=\"0\" scrolling=\"no\"><\/iframe>\n<\/div><\/figure>\n","protected":false},"excerpt":{"rendered":"<p>El ex Presidente dijo que el gobierno nacional \u00abrecurre otra vez al endeudamiento como una soluci\u00f3n\u00bb. Adem\u00e1s, pidi\u00f3 que tengan<\/p>\n","protected":false},"author":5,"featured_media":71206,"comment_status":"closed","ping_status":"closed","sticky":false,"template":"","format":"standard","meta":{"colormag_page_container_layout":"default_layout","colormag_page_sidebar_layout":"default_layout","footnotes":""},"categories":[17,8],"tags":[3030,6221],"class_list":["post-71202","post","type-post","status-publish","format-standard","has-post-thumbnail","hentry","category-destacadas","category-politica","tag-alberto-fernandez","tag-javier-milei"],"_links":{"self":[{"href":"https:\/\/sectorprensa.com.ar\/index.php?rest_route=\/wp\/v2\/posts\/71202","targetHints":{"allow":["GET"]}}],"collection":[{"href":"https:\/\/sectorprensa.com.ar\/index.php?rest_route=\/wp\/v2\/posts"}],"about":[{"href":"https:\/\/sectorprensa.com.ar\/index.php?rest_route=\/wp\/v2\/types\/post"}],"author":[{"embeddable":true,"href":"https:\/\/sectorprensa.com.ar\/index.php?rest_route=\/wp\/v2\/users\/5"}],"replies":[{"embeddable":true,"href":"https:\/\/sectorprensa.com.ar\/index.php?rest_route=%2Fwp%2Fv2%2Fcomments&post=71202"}],"version-history":[{"count":1,"href":"https:\/\/sectorprensa.com.ar\/index.php?rest_route=\/wp\/v2\/posts\/71202\/revisions"}],"predecessor-version":[{"id":71207,"href":"https:\/\/sectorprensa.com.ar\/index.php?rest_route=\/wp\/v2\/posts\/71202\/revisions\/71207"}],"wp:featuredmedia":[{"embeddable":true,"href":"https:\/\/sectorprensa.com.ar\/index.php?rest_route=\/wp\/v2\/media\/71206"}],"wp:attachment":[{"href":"https:\/\/sectorprensa.com.ar\/index.php?rest_route=%2Fwp%2Fv2%2Fmedia&parent=71202"}],"wp:term":[{"taxonomy":"category","embeddable":true,"href":"https:\/\/sectorprensa.com.ar\/index.php?rest_route=%2Fwp%2Fv2%2Fcategories&post=71202"},{"taxonomy":"post_tag","embeddable":true,"href":"https:\/\/sectorprensa.com.ar\/index.php?rest_route=%2Fwp%2Fv2%2Ftags&post=71202"}],"curies":[{"name":"wp","href":"https:\/\/api.w.org\/{rel}","templated":true}]}}