{"id":71541,"date":"2025-04-08T08:42:02","date_gmt":"2025-04-08T11:42:02","guid":{"rendered":"https:\/\/sectorprensa.com.ar\/?p=71541"},"modified":"2025-04-08T08:42:02","modified_gmt":"2025-04-08T11:42:02","slug":"el-municipio-de-moreno-desalojo-un-inmueble-en-riesgo-estructural-en-la-reja","status":"publish","type":"post","link":"https:\/\/sectorprensa.com.ar\/?p=71541","title":{"rendered":"El Municipio de Moreno desaloj\u00f3 un inmueble en riesgo estructural en La Reja"},"content":{"rendered":"\n<h6 class=\"wp-block-heading\"><strong>El espacio se encuentra en peligro inminente de derrumbe y era se\u00f1alado como refugio de actividades il\u00edcitas.<\/strong><\/h6>\n\n\n\n<p>En el marco del Plan Integral de Seguridad impulsado por la intendenta, Mariel Fern\u00e1ndez, el Municipio de Moreno llev\u00f3 a cabo el pasado 28 de marzo el desalojo del edificio del ex Centro Comercial ubicado en la intersecci\u00f3n de Piovano y Avenida Storni, en la localidad de La Reja.<\/p>\n\n\n\n<p>D\u00edas previos al desalojo, se secuestraron seis autom\u00f3viles que se encontraban en un taller mec\u00e1nico clandestino que funcionaba en el lugar. A su vez, vecinas y vecinos hab\u00edan denunciado reiteradamente hechos de inseguridad en el inmueble, se\u00f1al\u00e1ndolo como refugio de actividades il\u00edcitas.<\/p>\n\n\n\n<p>El procedimiento fue acompa\u00f1ado por la Secretar\u00eda de Seguridad del Municipio y personal del Ministerio de Seguridad de la Provincia, lo que garantiz\u00f3 un desarrollo preventivo y ordenado del desalojo. La medida fue dictada por el Juzgado de Faltas a cargo del Dr. Mart\u00edn Barcala debido al peligro inminente de derrumbe y la precariedad de las instalaciones el\u00e9ctricas, que pon\u00edan en riesgo a sus ocupantes y a la comunidad.<\/p>\n\n\n\n<figure class=\"wp-block-image size-full\"><img loading=\"lazy\" decoding=\"async\" width=\"883\" height=\"460\" src=\"https:\/\/sectorprensa.com.ar\/wp-content\/uploads\/2025\/04\/Captura-de-pantalla-2025-04-04-153617.png\" alt=\"\" class=\"wp-image-71543\" srcset=\"https:\/\/sectorprensa.com.ar\/wp-content\/uploads\/2025\/04\/Captura-de-pantalla-2025-04-04-153617.png 883w, https:\/\/sectorprensa.com.ar\/wp-content\/uploads\/2025\/04\/Captura-de-pantalla-2025-04-04-153617-300x156.png 300w, https:\/\/sectorprensa.com.ar\/wp-content\/uploads\/2025\/04\/Captura-de-pantalla-2025-04-04-153617-768x400.png 768w\" sizes=\"auto, (max-width: 883px) 100vw, 883px\" \/><\/figure>\n\n\n\n<p>\u201cEl operativo demand\u00f3 tres meses de trabajo interdisciplinario e involucr\u00f3 a distintas dependencias municipales. Las \u00e1reas de Obras Particulares y Habilitaciones Comerciales elaboraron informes sobre el estado irregular del edificio, mientras que la Secretar\u00eda de Gobierno y Justicia, el Instituto de Desarrollo Urbano, Ambiental y Regional (IDUAR), y la Secretar\u00eda de Desarrollo Comunitario la relocalizaci\u00f3n de sus ocupantes\u201d, informaron.<\/p>\n\n\n\n<p>\u201cActualmente, el edificio permanece bajo custodia municipal, una acci\u00f3n que consolida y refuerza el compromiso del Gobierno local en las pol\u00edticas de ordenamiento territorial y seguridad en el distrito\u201d, remarcaron desde el Municipio.<\/p>\n\n\n\n<figure class=\"wp-block-embed is-type-wp-embed is-provider-sector-prensa wp-block-embed-sector-prensa\"><div class=\"wp-block-embed__wrapper\">\n<blockquote class=\"wp-embedded-content\" data-secret=\"9NbEaqr7df\"><a href=\"https:\/\/sectorprensa.com.ar\/?p=71585\">[Video] Moreno: delincuentes armados asaltaron una escuela privada y se llevaron $600 mil<\/a><\/blockquote><iframe loading=\"lazy\" class=\"wp-embedded-content\" sandbox=\"allow-scripts\" security=\"restricted\" style=\"position: absolute; clip: rect(1px, 1px, 1px, 1px);\" title=\"\u00ab[Video] Moreno: delincuentes armados asaltaron una escuela privada y se llevaron $600 mil\u00bb \u2014 Sector Prensa\" src=\"https:\/\/sectorprensa.com.ar\/?p=71585&#038;embed=true#?secret=iMjgE7sNDG#?secret=9NbEaqr7df\" data-secret=\"9NbEaqr7df\" width=\"600\" height=\"338\" frameborder=\"0\" marginwidth=\"0\" marginheight=\"0\" scrolling=\"no\"><\/iframe>\n<\/div><\/figure>\n","protected":false},"excerpt":{"rendered":"<p>El espacio se encuentra en peligro inminente de derrumbe y era se\u00f1alado como refugio de actividades il\u00edcitas. En el marco<\/p>\n","protected":false},"author":6,"featured_media":71542,"comment_status":"closed","ping_status":"closed","sticky":false,"template":"","format":"standard","meta":{"colormag_page_container_layout":"default_layout","colormag_page_sidebar_layout":"default_layout","footnotes":""},"categories":[17,2154,1173,12,10],"tags":[],"class_list":["post-71541","post","type-post","status-publish","format-standard","has-post-thumbnail","hentry","category-destacadas","category-moreno","category-municipales","category-policiales","category-sociedad"],"_links":{"self":[{"href":"https:\/\/sectorprensa.com.ar\/index.php?rest_route=\/wp\/v2\/posts\/71541","targetHints":{"allow":["GET"]}}],"collection":[{"href":"https:\/\/sectorprensa.com.ar\/index.php?rest_route=\/wp\/v2\/posts"}],"about":[{"href":"https:\/\/sectorprensa.com.ar\/index.php?rest_route=\/wp\/v2\/types\/post"}],"author":[{"embeddable":true,"href":"https:\/\/sectorprensa.com.ar\/index.php?rest_route=\/wp\/v2\/users\/6"}],"replies":[{"embeddable":true,"href":"https:\/\/sectorprensa.com.ar\/index.php?rest_route=%2Fwp%2Fv2%2Fcomments&post=71541"}],"version-history":[{"count":2,"href":"https:\/\/sectorprensa.com.ar\/index.php?rest_route=\/wp\/v2\/posts\/71541\/revisions"}],"predecessor-version":[{"id":71615,"href":"https:\/\/sectorprensa.com.ar\/index.php?rest_route=\/wp\/v2\/posts\/71541\/revisions\/71615"}],"wp:featuredmedia":[{"embeddable":true,"href":"https:\/\/sectorprensa.com.ar\/index.php?rest_route=\/wp\/v2\/media\/71542"}],"wp:attachment":[{"href":"https:\/\/sectorprensa.com.ar\/index.php?rest_route=%2Fwp%2Fv2%2Fmedia&parent=71541"}],"wp:term":[{"taxonomy":"category","embeddable":true,"href":"https:\/\/sectorprensa.com.ar\/index.php?rest_route=%2Fwp%2Fv2%2Fcategories&post=71541"},{"taxonomy":"post_tag","embeddable":true,"href":"https:\/\/sectorprensa.com.ar\/index.php?rest_route=%2Fwp%2Fv2%2Ftags&post=71541"}],"curies":[{"name":"wp","href":"https:\/\/api.w.org\/{rel}","templated":true}]}}