{"id":71811,"date":"2025-04-15T08:51:53","date_gmt":"2025-04-15T11:51:53","guid":{"rendered":"https:\/\/sectorprensa.com.ar\/?p=71811"},"modified":"2025-04-15T08:51:54","modified_gmt":"2025-04-15T11:51:54","slug":"merlo-celebro-su-primera-feria-gastronomica-y-cultural-japonesa-con-la-presencia-del-embajador-de-japon","status":"publish","type":"post","link":"https:\/\/sectorprensa.com.ar\/?p=71811","title":{"rendered":"Merlo celebr\u00f3 su primera feria gastron\u00f3mica y cultural japonesa con la presencia del embajador de Jap\u00f3n"},"content":{"rendered":"\n<h6 class=\"wp-block-heading\"><strong>La jornada se realiz\u00f3 en la Asociaci\u00f3n Japonesa de Merlo y cont\u00f3 con comidas t\u00edpicas, danzas, talleres y la participaci\u00f3n del intendente Gustavo Men\u00e9ndez y el embajador Yamauchi Hiroshi.<\/strong><\/h6>\n\n\n\n<p>El Intendente Gustavo Men\u00e9ndez recibi\u00f3 en Merlo al Embajador del Jap\u00f3n, Yamauchi Hiroshi, quien visit\u00f3 el distrito para participar en actividades que fortalecen la cooperaci\u00f3n internacional y los lazos bilaterales.<\/p>\n\n\n\n<p>Las autoridades asistieron a la Primera Feria Gastron\u00f3mica Cultural Japonesa, que se desarroll\u00f3 el domingo 13 de abril en la Asociaci\u00f3n Japonesa de Merlo, con la presencia de funcionarios, representantes e integrantes de entidades argentino-japonesas.<\/p>\n\n\n\n<p>Men\u00e9ndez destac\u00f3 la importancia de la instituci\u00f3n anfitriona y se\u00f1al\u00f3: \u201cEsta instituci\u00f3n lleva 80 a\u00f1os acompa\u00f1ando a nuestros vecinos. Ellos trabajan, desarrollan e impulsan, a trav\u00e9s de su cultura, a todo Merlo, con muchos servicios para la comunidad, as\u00ed que estamos muy agradecidos y felices de visitarlos\u201d.<\/p>\n\n\n\n<p>Asimismo, afirm\u00f3: \u201cJap\u00f3n es un faro global por su cultura, su desarrollo tecnol\u00f3gico y sus industrias, muchas de las cuales est\u00e1n instaladas en la Argentina, generan trabajo y circulaci\u00f3n econ\u00f3mica. Por eso, siempre intentamos articular intercambios culturales, educativos y deportivos, as\u00ed como actividades con la participaci\u00f3n de nuestros industriales, empresarios y comerciantes\u201d.<\/p>\n\n\n\n<p>Por su parte, el Embajador Hiroshi expres\u00f3: \u201cEs una alegr\u00eda participar de esta gran fiesta, donde no solamente la comunidad japonesa, sino toda la comunidad disfruta de este lindo d\u00eda\u201d.<\/p>\n\n\n\n<figure class=\"wp-block-image size-large\"><img loading=\"lazy\" decoding=\"async\" width=\"1024\" height=\"1024\" src=\"https:\/\/sectorprensa.com.ar\/wp-content\/uploads\/2025\/04\/Feria-japonesa-en-merlo-1-1024x1024.jpg\" alt=\"\" class=\"wp-image-71813\" srcset=\"https:\/\/sectorprensa.com.ar\/wp-content\/uploads\/2025\/04\/Feria-japonesa-en-merlo-1-1024x1024.jpg 1024w, https:\/\/sectorprensa.com.ar\/wp-content\/uploads\/2025\/04\/Feria-japonesa-en-merlo-1-300x300.jpg 300w, https:\/\/sectorprensa.com.ar\/wp-content\/uploads\/2025\/04\/Feria-japonesa-en-merlo-1-150x150.jpg 150w, https:\/\/sectorprensa.com.ar\/wp-content\/uploads\/2025\/04\/Feria-japonesa-en-merlo-1-768x768.jpg 768w, https:\/\/sectorprensa.com.ar\/wp-content\/uploads\/2025\/04\/Feria-japonesa-en-merlo-1.jpg 1080w\" sizes=\"auto, (max-width: 1024px) 100vw, 1024px\" \/><\/figure>\n\n\n\n<p>Durante la jornada, en la que se reafirm\u00f3 el compromiso del Gobierno del Pueblo de Merlo con la comunidad japonesa, los visitantes disfrutaron de comidas t\u00edpicas, danzas, demostraciones y talleres gratuitos.<\/p>\n\n\n\n<p>Asistieron a la Feria: el Director de JICA Argentina (Agencia de Cooperaci\u00f3n Internacional del Jap\u00f3n), Ishibashi Tasuku; el Presidente y el Vicepresidente de FANA (Federaci\u00f3n de Asociaciones Nikkei en Argentina), Murase V\u00edctor y Komesu Seibun; el Director de prensa de la Fundaci\u00f3n Cultural Argentino Japonesa, Sergio Miyagi, y Claudio Higa; el Vicepresidente de COA (Centro Okinawense de Argentina), Miyashiro Ernesto; Shokita Sergio y Shokita Silvia de la Asociaci\u00f3n Japonesa de Marcos Paz, entre otras autoridades.<\/p>\n\n\n\n<figure class=\"wp-block-embed is-type-wp-embed is-provider-sector-prensa wp-block-embed-sector-prensa\"><div class=\"wp-block-embed__wrapper\">\n<blockquote class=\"wp-embedded-content\" data-secret=\"3qYFoU7rSC\"><a href=\"https:\/\/sectorprensa.com.ar\/?p=71771\">Merlo: San Antonio de Padua ya cuenta con nuevas luminarias LED<\/a><\/blockquote><iframe loading=\"lazy\" class=\"wp-embedded-content\" sandbox=\"allow-scripts\" security=\"restricted\" style=\"position: absolute; clip: rect(1px, 1px, 1px, 1px);\" title=\"\u00abMerlo: San Antonio de Padua ya cuenta con nuevas luminarias LED\u00bb \u2014 Sector Prensa\" src=\"https:\/\/sectorprensa.com.ar\/?p=71771&#038;embed=true#?secret=vcZn1O2I7Y#?secret=3qYFoU7rSC\" data-secret=\"3qYFoU7rSC\" width=\"600\" height=\"338\" frameborder=\"0\" marginwidth=\"0\" marginheight=\"0\" scrolling=\"no\"><\/iframe>\n<\/div><\/figure>\n","protected":false},"excerpt":{"rendered":"<p>La jornada se realiz\u00f3 en la Asociaci\u00f3n Japonesa de Merlo y cont\u00f3 con comidas t\u00edpicas, danzas, talleres y la participaci\u00f3n<\/p>\n","protected":false},"author":6,"featured_media":71812,"comment_status":"closed","ping_status":"closed","sticky":false,"template":"","format":"standard","meta":{"colormag_page_container_layout":"default_layout","colormag_page_sidebar_layout":"default_layout","footnotes":""},"categories":[9,17,7,1173,10],"tags":[],"class_list":["post-71811","post","type-post","status-publish","format-standard","has-post-thumbnail","hentry","category-cultura","category-destacadas","category-merlo","category-municipales","category-sociedad"],"_links":{"self":[{"href":"https:\/\/sectorprensa.com.ar\/index.php?rest_route=\/wp\/v2\/posts\/71811","targetHints":{"allow":["GET"]}}],"collection":[{"href":"https:\/\/sectorprensa.com.ar\/index.php?rest_route=\/wp\/v2\/posts"}],"about":[{"href":"https:\/\/sectorprensa.com.ar\/index.php?rest_route=\/wp\/v2\/types\/post"}],"author":[{"embeddable":true,"href":"https:\/\/sectorprensa.com.ar\/index.php?rest_route=\/wp\/v2\/users\/6"}],"replies":[{"embeddable":true,"href":"https:\/\/sectorprensa.com.ar\/index.php?rest_route=%2Fwp%2Fv2%2Fcomments&post=71811"}],"version-history":[{"count":1,"href":"https:\/\/sectorprensa.com.ar\/index.php?rest_route=\/wp\/v2\/posts\/71811\/revisions"}],"predecessor-version":[{"id":71814,"href":"https:\/\/sectorprensa.com.ar\/index.php?rest_route=\/wp\/v2\/posts\/71811\/revisions\/71814"}],"wp:featuredmedia":[{"embeddable":true,"href":"https:\/\/sectorprensa.com.ar\/index.php?rest_route=\/wp\/v2\/media\/71812"}],"wp:attachment":[{"href":"https:\/\/sectorprensa.com.ar\/index.php?rest_route=%2Fwp%2Fv2%2Fmedia&parent=71811"}],"wp:term":[{"taxonomy":"category","embeddable":true,"href":"https:\/\/sectorprensa.com.ar\/index.php?rest_route=%2Fwp%2Fv2%2Fcategories&post=71811"},{"taxonomy":"post_tag","embeddable":true,"href":"https:\/\/sectorprensa.com.ar\/index.php?rest_route=%2Fwp%2Fv2%2Ftags&post=71811"}],"curies":[{"name":"wp","href":"https:\/\/api.w.org\/{rel}","templated":true}]}}