{"id":71832,"date":"2025-04-15T20:12:27","date_gmt":"2025-04-15T23:12:27","guid":{"rendered":"https:\/\/sectorprensa.com.ar\/?p=71832"},"modified":"2025-04-16T11:01:24","modified_gmt":"2025-04-16T14:01:24","slug":"el-fin-del-cepo-puede-afectar-a-los-precios","status":"publish","type":"post","link":"https:\/\/sectorprensa.com.ar\/?p=71832","title":{"rendered":"\u00abEl gobierno argentino se comprometi\u00f3 a comprar cinco mil millones de d\u00f3lares antes de fin de a\u00f1o\u00bb"},"content":{"rendered":"\n<h6 class=\"wp-block-heading\"><strong>El economista e investigador del CEPA, Juan Pablo Costa, expres\u00f3 su preocupaci\u00f3n por \u00abel mediano y largo plazo\u00bb de la salida del cepo y se\u00f1al\u00f3 los requisitos poco nombrados en el acuerdo con el FMI. Adem\u00e1s, asegur\u00f3 que la devaluaci\u00f3n del d\u00f3lar oficial se trasladar\u00e1 a los precios, yendo en sentido contrario a lo que dijo el Presidente Javier Milei.<\/strong><\/h6>\n\n\n\n<p>Comenz\u00f3 la primera semana sin el cepo en la Argentina y la incertidumbre acompa\u00f1a a esta nueva medida del gobierno. El investigador del CEPA y economista, Juan Pablo Costa, dijo que le mercado reaccion\u00f3 normalmente y que \u00abseguramente el d\u00f3lar no va a subir, por el momento\u00bb. Sin embargo, expres\u00f3 su preocupaci\u00f3n por lo que puede suceder en el mediano y largo plazo. A pesar de que el Presidente Javier Milei asegur\u00f3 que la devaluaci\u00f3n no se trasladar\u00e1 a los precios, el especialista advirti\u00f3 que eso suceder\u00e1 debido al cambio en el d\u00f3lar oficial y que \u00abes un hecho que la inflaci\u00f3n se va a acelerar\u00bb. Por otra parte, se\u00f1al\u00f3 que hoy el Ejecutivo Nacional \u00abprioriza la acumulaci\u00f3n de reservas\u00bb, lo que genera \u00absoltar un poco la inflaci\u00f3n\u00bb. Adem\u00e1s, se refiri\u00f3 al acuerdo con el FMI y destac\u00f3 que una de las metas es comprar \u00abcinco mil millones de d\u00f3lares antes de fin de a\u00f1o\u00bb.<\/p>\n\n\n\n<p>\u00abEst\u00e1 en l\u00ednea con lo que se pensaba. Obviamente, es un cambio muy importante en la pol\u00edtica monetaria, con lo cual siempre vamos a tener unos d\u00edas donde hay que esperar la reacci\u00f3n del mercado y distintos agentes. Hay incertidumbre, pero en un punto es menos que la semana pasada. El mercado pon\u00eda precios por el miedo a que finalmente no se pueda realizar un acuerdo con el FMI, o que el dinero fuera poco. Ah\u00ed estaba siempre la discusi\u00f3n en torno al tipo de cambio, la no recomposici\u00f3n de las reservas. Sabiendo los desembolsos que va a recibir el pa\u00eds, que son muy importantes, eso genera, en un primer momento, una situaci\u00f3n de tranquilidad en el mercado\u00bb, explic\u00f3 en entrevista con \u00abEl Tanke de B\u00fanker\u00bb, programa de Radio B\u00fanker 94.9.<\/p>\n\n\n\n<p>Pese a se\u00f1alar que existe un panorama tranquilo, expres\u00f3: \u00abA m\u00ed me preocupa el mediano y largo plazo, te dir\u00eda que m\u00e1s el mediano. El d\u00f3lar no va a subir ahora, el mercado va a reaccionar bien y el Banco Central tiene poder de fuego, va a poder intervenir con estos d\u00f3lares en el mercado de cambio. El d\u00f3lar seguramente no suba, incluso hasta puede llegar a bajar. Adem\u00e1s, se va a tender a achicar la brecha entre el oficial y el paralelo, por las propias modificaciones. A m\u00ed lo que me preocupa son los condicionamientos del Fondo, de eso se habl\u00f3 poco. Hay todos unos condicionamientos sobre reforma laboral, previsional, privatizaciones, entre otras. Y por otro lado, hay metas de acumulaci\u00f3n de reservas, esto es algo que tambi\u00e9n el gobierno dijo poco, o pr\u00e1cticamente nada. En el acuerdo, el gobierno argentino se compromete a comprar d\u00f3lares para recomponer las reservas. Son m\u00e1s o menos cinco mil millones de d\u00f3lares que debe comprar antes de fin de a\u00f1o, en un escenario que viene de estar perdiendo\u00bb.<\/p>\n\n\n\n<p>El impacto del tipo de cambio en la inflaci\u00f3n: \u00abVos ten\u00edas un gobierno en donde, quiz\u00e1s, el \u00fanico activo que ten\u00eda en materia econ\u00f3mica era mostrarle a la gente la baja de la inflaci\u00f3n, sobre la recesi\u00f3n y ca\u00edda de los ingresos, y la apreciaci\u00f3n del tipo cambio. La \u00faltima no la vas a tener ahora, por lo menos en un primer momento. Hoy el d\u00f3lar oficial est\u00e1 cerca de los 1.220, pero antes estaba 1.070, hay una devaluaci\u00f3n, y eso va a ir a los precios. Esto genera duda, si puede haber un per\u00edodo de repunte de la inflaci\u00f3n y qu\u00e9 impacto puede tener, en las expectativas y en materia de la pol\u00edtica\u00bb, asegur\u00f3 Costa.<\/p>\n\n\n\n<p>\u00abLa inflaci\u00f3n se va a acelerar, eso es un hecho. Marzo fue fuerte, ten\u00e9s un arrastre estad\u00edstico pendiente para abril. Si a eso le sum\u00e1s la subida del d\u00f3lar paralelo en la \u00faltima quincena de marzo, m\u00e1s esta devaluaci\u00f3n, es un hecho que va a subir. El tema es, si es uno o dos meses en un fogonazo, y despu\u00e9s vuelve a bajar, o ya qued\u00e1s en una din\u00e1mica de aumento. Y si no pasa, ten\u00e9s que ver lo que pasa con los ingresos y el consumo\u00bb, agreg\u00f3.<\/p>\n\n\n\n<p>La afirmaci\u00f3n del Presidente Javier Milei sobre que la devaluaci\u00f3n no pasar\u00e1 a los precios: \u00abSi vos sos el importador, que trae cosas de afuera y las vende el mercado local, y lo ven\u00edas trayendo a un d\u00f3lar a 1.070, pero ahora est\u00e1 1.200, te aument\u00f3 y lo vas a remarcar. Esto tambi\u00e9n es para el sector productivo que tiene insumos importados, si bien es de industria nacional, las empresas tienen costos dolarizados. Hubo pocos escenarios donde la devaluaci\u00f3n no pas\u00f3 a precios\u00bb, dijo.<\/p>\n\n\n\n<p>\u00bfQu\u00e9 puede suceder a largo plazo?: \u00abEn el largo plazo si no ten\u00e9s d\u00f3lares para intervenir, no ten\u00e9s forma de fijar precios, te lo pone el mercado. En general, eso te lleva a una devaluaci\u00f3n abierta. O ten\u00e9s que poner un cepo nuevamente, fijar el precio por decreto y tener un mercado paralelo con precios m\u00e1s elevados\u00bb, analiz\u00f3.<\/p>\n\n\n\n<p>\u00abHoy, los dos grandes desaf\u00edos del gobierno en materia econ\u00f3mica son la inflaci\u00f3n y las reservas. En general, es un poco una especie de manta corta. Cuando vos quer\u00e9s bajar la inflaci\u00f3n, eso te cuesta reserva. Cuando vos quer\u00e9s recomponer reservas, lo hac\u00e9s a costa de soltar un poco la inflaci\u00f3n. En esa manta corta, el gobierno, hasta mediados del a\u00f1o pasado, ven\u00eda privilegiando la desinflaci\u00f3n. Ahora parece invertir la ecuaci\u00f3n, prioriza la recomposici\u00f3n de las reservas, que es lo que ven\u00eda pidiendo el FMI, y la desaceleraci\u00f3n pasa a segundo plano. No significa que no vayan a ponerle fichas a bajar la inflaci\u00f3n, pol\u00edticamente es importante para ellos\u00bb, a\u00f1adi\u00f3.<\/p>\n\n\n\n<p>Con respecto al plan del gobierno de bajar la inflaci\u00f3n a cero, plante\u00f3: \u00abNo hay una fase tres, dos ni cuatro. Esto es un invento del gobierno para generar esa sensaci\u00f3n de que todo va de acuerdo al plan, y eso no es as\u00ed. Milei dijo muchas veces, no lo digo yo, c\u00f3mo va a ser la salida del cepo, que ten\u00eda que ver cuando la inflaci\u00f3n converja con la tasa de devaluaci\u00f3n. Cuando la inflaci\u00f3n real sea cero. Las cosas no salieron como quisieron, y el Fondo Monetario Internacional les pidi\u00f3 una serie de requisitos para hacer los desembolsos\u00bb, cerr\u00f3.<\/p>\n\n\n\n<figure class=\"wp-block-embed is-type-wp-embed is-provider-sector-prensa wp-block-embed-sector-prensa\"><div class=\"wp-block-embed__wrapper\">\n<blockquote class=\"wp-embedded-content\" data-secret=\"ZHPJJRTMVs\"><a href=\"https:\/\/sectorprensa.com.ar\/?p=71821\">Tras la apertura del cepo, Milei prometi\u00f3 que a mitad de 2026 la inflaci\u00f3n ser\u00e1 cero<\/a><\/blockquote><iframe loading=\"lazy\" class=\"wp-embedded-content\" sandbox=\"allow-scripts\" security=\"restricted\" style=\"position: absolute; clip: rect(1px, 1px, 1px, 1px);\" title=\"\u00abTras la apertura del cepo, Milei prometi\u00f3 que a mitad de 2026 la inflaci\u00f3n ser\u00e1 cero\u00bb \u2014 Sector Prensa\" src=\"https:\/\/sectorprensa.com.ar\/?p=71821&#038;embed=true#?secret=Mjxqd4G3nd#?secret=ZHPJJRTMVs\" data-secret=\"ZHPJJRTMVs\" width=\"600\" height=\"338\" frameborder=\"0\" marginwidth=\"0\" marginheight=\"0\" scrolling=\"no\"><\/iframe>\n<\/div><\/figure>\n","protected":false},"excerpt":{"rendered":"<p>El economista e investigador del CEPA, Juan Pablo Costa, expres\u00f3 su preocupaci\u00f3n por \u00abel mediano y largo plazo\u00bb de la<\/p>\n","protected":false},"author":5,"featured_media":71863,"comment_status":"closed","ping_status":"closed","sticky":false,"template":"","format":"standard","meta":{"colormag_page_container_layout":"default_layout","colormag_page_sidebar_layout":"default_layout","footnotes":""},"categories":[17,8,10],"tags":[9440,8393,5564,9439],"class_list":["post-71832","post","type-post","status-publish","format-standard","has-post-thumbnail","hentry","category-destacadas","category-politica","category-sociedad","tag-cepa","tag-dolar-2","tag-economia","tag-juan-pablo-costa"],"_links":{"self":[{"href":"https:\/\/sectorprensa.com.ar\/index.php?rest_route=\/wp\/v2\/posts\/71832","targetHints":{"allow":["GET"]}}],"collection":[{"href":"https:\/\/sectorprensa.com.ar\/index.php?rest_route=\/wp\/v2\/posts"}],"about":[{"href":"https:\/\/sectorprensa.com.ar\/index.php?rest_route=\/wp\/v2\/types\/post"}],"author":[{"embeddable":true,"href":"https:\/\/sectorprensa.com.ar\/index.php?rest_route=\/wp\/v2\/users\/5"}],"replies":[{"embeddable":true,"href":"https:\/\/sectorprensa.com.ar\/index.php?rest_route=%2Fwp%2Fv2%2Fcomments&post=71832"}],"version-history":[{"count":2,"href":"https:\/\/sectorprensa.com.ar\/index.php?rest_route=\/wp\/v2\/posts\/71832\/revisions"}],"predecessor-version":[{"id":71861,"href":"https:\/\/sectorprensa.com.ar\/index.php?rest_route=\/wp\/v2\/posts\/71832\/revisions\/71861"}],"wp:featuredmedia":[{"embeddable":true,"href":"https:\/\/sectorprensa.com.ar\/index.php?rest_route=\/wp\/v2\/media\/71863"}],"wp:attachment":[{"href":"https:\/\/sectorprensa.com.ar\/index.php?rest_route=%2Fwp%2Fv2%2Fmedia&parent=71832"}],"wp:term":[{"taxonomy":"category","embeddable":true,"href":"https:\/\/sectorprensa.com.ar\/index.php?rest_route=%2Fwp%2Fv2%2Fcategories&post=71832"},{"taxonomy":"post_tag","embeddable":true,"href":"https:\/\/sectorprensa.com.ar\/index.php?rest_route=%2Fwp%2Fv2%2Ftags&post=71832"}],"curies":[{"name":"wp","href":"https:\/\/api.w.org\/{rel}","templated":true}]}}