{"id":71991,"date":"2025-04-21T11:30:49","date_gmt":"2025-04-21T14:30:49","guid":{"rendered":"https:\/\/sectorprensa.com.ar\/?p=71991"},"modified":"2025-04-21T11:30:49","modified_gmt":"2025-04-21T14:30:49","slug":"murio-francisco-jorge-bergoglio-el-primer-papa-argentino","status":"publish","type":"post","link":"https:\/\/sectorprensa.com.ar\/?p=71991","title":{"rendered":"Muri\u00f3 Francisco, Jorge Bergoglio, el primer papa argentino"},"content":{"rendered":"\n<h6 class=\"wp-block-heading\"><strong>El papa Francisco, primer pont\u00edfice argentino y figura clave del catolicismo contempor\u00e1neo, falleci\u00f3 este lunes a los 88 a\u00f1os en la residencia de la Casa Santa Marta. Tras luchar contra una neumon\u00eda y mantenerse activo hasta el Domingo de Pascua, Jorge Bergoglio muri\u00f3 en la ma\u00f1ana de Roma. L\u00edder espiritual comprometido con los m\u00e1s vulnerables, su legado es recordado con gratitud por su ejemplo de humildad, di\u00e1logo y defensa de los valores evang\u00e9licos.<\/strong><\/h6>\n\n\n\n<p>El papa Francisco muri\u00f3 este lunes en su residencia de la Casa Santa Marta, seg\u00fan anunci\u00f3 el Vaticano a trav\u00e9s de un videomensaje difundido por el cardenal Kevin Joseph Farrel. El pont\u00edfice argentino ten\u00eda 88 a\u00f1os y atravesaba un delicado estado de salud que lo mantuvo internado en varias ocasiones.<\/p>\n\n\n\n<p>Francisco falleci\u00f3 esta ma\u00f1ana, despu\u00e9s de haber atravesado 38 d\u00edas de hospitalizaci\u00f3n por una neumon\u00eda y una recuperaci\u00f3n que parec\u00eda sorprendente durante la cual quiso estar entre su gente, hasta este fin de semana, cuando quiso dar un paseo en el papam\u00f3vil el Domingo de Pascua.<\/p>\n\n\n\n<figure class=\"wp-block-embed is-type-video is-provider-youtube wp-block-embed-youtube wp-embed-aspect-16-9 wp-has-aspect-ratio\"><div class=\"wp-block-embed__wrapper\">\n<iframe loading=\"lazy\" title=\"El Papa Francisco ha partido a la Casa del Padre\" width=\"800\" height=\"450\" src=\"https:\/\/www.youtube.com\/embed\/JqXhsZS-el0?start=2&#038;feature=oembed\" frameborder=\"0\" allow=\"accelerometer; autoplay; clipboard-write; encrypted-media; gyroscope; picture-in-picture; web-share\" referrerpolicy=\"strict-origin-when-cross-origin\" allowfullscreen><\/iframe>\n<\/div><\/figure>\n\n\n\n<p>\u201cCon profundo dolor tengo que anunciar que el papa Francisco ha muerto a las 7.35 (hora local) de hoy, el obispo de Roma ha vuelto a la casa del padre, su vida entera ha estado dedicada al servicio del Se\u00f1or y de su Iglesia y nos ha ense\u00f1ado el valor del evangelio con fidelidad, valor y amor universal y en manera particular a favor de los m\u00e1s pobres y marginados\u201d, expres\u00f3 Farrel, y agreg\u00f3: \u201cCon inmensa gratitud por su ejemplo como disc\u00edpulo del Se\u00f1or Jes\u00fas recomendamos el alma del papa Francisco al infinito amor misericordioso de Dios Uno e trino\u201d.<\/p>\n\n\n\n<p>En el video, grabado en la capilla de la Casa Santa Marta, tambi\u00e9n se puede ver al secretario de Estado, cardenal Pietro Parolin, y al sustituto de la Secretar\u00eda de Estado, el venezolano Edgar Pe\u00f1a Parra.<\/p>\n\n\n\n<figure class=\"wp-block-embed is-type-rich is-provider-twitter wp-block-embed-twitter\"><div class=\"wp-block-embed__wrapper\">\n<blockquote class=\"twitter-tweet\" data-width=\"550\" data-dnt=\"true\"><p lang=\"zxx\" dir=\"ltr\"><a href=\"https:\/\/t.co\/l2MMiKtIjI\">pic.twitter.com\/l2MMiKtIjI<\/a><\/p>&mdash; Oficina del Presidente (@OPRArgentina) <a href=\"https:\/\/twitter.com\/OPRArgentina\/status\/1914251491952513485?ref_src=twsrc%5Etfw\">April 21, 2025<\/a><\/blockquote><script async src=\"https:\/\/platform.twitter.com\/widgets.js\" charset=\"utf-8\"><\/script>\n<\/div><\/figure>\n\n\n\n<p>Esta ma\u00f1ana, la Oficina del Presidente de la Rep\u00fablica Argentina lament\u00f3 el fallecimiento de Francisco, \u201cel primer argentino en llegar a liderar la Iglesia Cat\u00f3lical y conducirla con entrega y amor desde el Vaticano\u201d. M\u00e1s adelante en el comunicado, \u201cel Presidente de la Naci\u00f3n acompa\u00f1a en este triste momento a todos aquellos que profesan la fe cat\u00f3lica y que encontraron en el Sumo Pont\u00edfice un l\u00edder espiritual\u201d. Y concluye: \u201cEl presidente Javier Milei destaca la incansable lucha del Papado de Francisco para proteger la vida desde la concepci\u00f3n, promover el di\u00e1logo interreligioso y acercar la vida espiritual y virtuosa a los m\u00e1s j\u00f3venes. Adem\u00e1s, pone en valor su voluntad de llevar austeridad a la Santa Sede con sus gestos pastorales\u201d.<\/p>\n\n\n\n<figure class=\"wp-block-embed is-type-wp-embed is-provider-sector-prensa wp-block-embed-sector-prensa\"><div class=\"wp-block-embed__wrapper\">\n<blockquote class=\"wp-embedded-content\" data-secret=\"pgvEp0jskU\"><a href=\"https:\/\/sectorprensa.com.ar\/?p=71954\">Jorge Garc\u00eda Cuerva: \u201cUna jubilaci\u00f3n digna es parte de no hacerlos descartables\u201d<\/a><\/blockquote><iframe loading=\"lazy\" class=\"wp-embedded-content\" sandbox=\"allow-scripts\" security=\"restricted\" style=\"position: absolute; clip: rect(1px, 1px, 1px, 1px);\" title=\"\u00abJorge Garc\u00eda Cuerva: \u201cUna jubilaci\u00f3n digna es parte de no hacerlos descartables\u201d\u00bb \u2014 Sector Prensa\" src=\"https:\/\/sectorprensa.com.ar\/?p=71954&#038;embed=true#?secret=e9zxaLTIJw#?secret=pgvEp0jskU\" data-secret=\"pgvEp0jskU\" width=\"600\" height=\"338\" frameborder=\"0\" marginwidth=\"0\" marginheight=\"0\" scrolling=\"no\"><\/iframe>\n<\/div><\/figure>\n","protected":false},"excerpt":{"rendered":"<p>El papa Francisco, primer pont\u00edfice argentino y figura clave del catolicismo contempor\u00e1neo, falleci\u00f3 este lunes a los 88 a\u00f1os en<\/p>\n","protected":false},"author":6,"featured_media":71992,"comment_status":"closed","ping_status":"closed","sticky":false,"template":"","format":"standard","meta":{"colormag_page_container_layout":"default_layout","colormag_page_sidebar_layout":"default_layout","footnotes":""},"categories":[17,10],"tags":[],"class_list":["post-71991","post","type-post","status-publish","format-standard","has-post-thumbnail","hentry","category-destacadas","category-sociedad"],"_links":{"self":[{"href":"https:\/\/sectorprensa.com.ar\/index.php?rest_route=\/wp\/v2\/posts\/71991","targetHints":{"allow":["GET"]}}],"collection":[{"href":"https:\/\/sectorprensa.com.ar\/index.php?rest_route=\/wp\/v2\/posts"}],"about":[{"href":"https:\/\/sectorprensa.com.ar\/index.php?rest_route=\/wp\/v2\/types\/post"}],"author":[{"embeddable":true,"href":"https:\/\/sectorprensa.com.ar\/index.php?rest_route=\/wp\/v2\/users\/6"}],"replies":[{"embeddable":true,"href":"https:\/\/sectorprensa.com.ar\/index.php?rest_route=%2Fwp%2Fv2%2Fcomments&post=71991"}],"version-history":[{"count":1,"href":"https:\/\/sectorprensa.com.ar\/index.php?rest_route=\/wp\/v2\/posts\/71991\/revisions"}],"predecessor-version":[{"id":71993,"href":"https:\/\/sectorprensa.com.ar\/index.php?rest_route=\/wp\/v2\/posts\/71991\/revisions\/71993"}],"wp:featuredmedia":[{"embeddable":true,"href":"https:\/\/sectorprensa.com.ar\/index.php?rest_route=\/wp\/v2\/media\/71992"}],"wp:attachment":[{"href":"https:\/\/sectorprensa.com.ar\/index.php?rest_route=%2Fwp%2Fv2%2Fmedia&parent=71991"}],"wp:term":[{"taxonomy":"category","embeddable":true,"href":"https:\/\/sectorprensa.com.ar\/index.php?rest_route=%2Fwp%2Fv2%2Fcategories&post=71991"},{"taxonomy":"post_tag","embeddable":true,"href":"https:\/\/sectorprensa.com.ar\/index.php?rest_route=%2Fwp%2Fv2%2Ftags&post=71991"}],"curies":[{"name":"wp","href":"https:\/\/api.w.org\/{rel}","templated":true}]}}