{"id":72001,"date":"2025-04-21T18:10:01","date_gmt":"2025-04-21T21:10:01","guid":{"rendered":"https:\/\/sectorprensa.com.ar\/?p=72001"},"modified":"2025-04-21T18:10:02","modified_gmt":"2025-04-21T21:10:02","slug":"francisco-hizo-conocer-a-la-argentina-en-el-mundo-y-el-concepto-de-justicia-social","status":"publish","type":"post","link":"https:\/\/sectorprensa.com.ar\/?p=72001","title":{"rendered":"\u00abFrancisco hizo conocer a la Argentina en el mundo y el concepto de justicia social\u00bb"},"content":{"rendered":"\n<h6 class=\"wp-block-heading\"><strong>Marcelo Rodr\u00edguez dej\u00f3 sus sensaciones en el d\u00eda del fallecimiento del Papa Francisco y cont\u00f3 c\u00f3mo lo vivieron en Roma. Adem\u00e1s, resalt\u00f3 el legado del Sumo Pont\u00edfice y destac\u00f3 que gener\u00f3 un acercamiento con la iglesia.<\/strong><\/h6>\n\n\n\n<p>Jorge Bergoglio, el Papa Francisco, falleci\u00f3 este lunes a los 88 a\u00f1os y la noticia conmovi\u00f3 al mundo, incluso al deporte (el f\u00fatbol argentino e italiano suspendieron sus partidos). El Sumo Pont\u00edfice argentino dej\u00f3 un gran legado, y es lo que expres\u00f3 Marcelo Rodr\u00edguez, quien se encuentra en Roma y cont\u00f3 c\u00f3mo fue la reacci\u00f3n de los italianos al enterarse de esta noticia. \u00abProvoc\u00f3 conmoci\u00f3n y tristeza, aunque con rostros de paz\u00bb, describi\u00f3. Por otra parte\u00bb, resalt\u00f3 que \u00abFrancisco hizo conocer a la Argentina en el mundo, sobre el concepto de justicia social\u00bb. En ese marco, destac\u00f3 que \u00ab\u00e9l pudo popularizar a la iglesia\u00bb.<\/p>\n\n\n\n<p>\u00abHay una conmoci\u00f3n formidable. Hay visitantes de todo el mundo, porque coincidi\u00f3 con la pascua de ayer. El domingo en el Vaticano no hab\u00eda la cantidad de gente que hab\u00eda hoy, pero ayer despu\u00e9s de la misa se pod\u00eda ingresar. El fallecimiento de Francisco provoc\u00f3 una conmoci\u00f3n y tristeza, aunque con rostros de paz, de ciudadanos de todo el mundo que se encontraban haciendo turismo o por la pascua, adem\u00e1s es el a\u00f1o del jubileo, que se produce cada quince a\u00f1os\u00bb, describi\u00f3 en Radio B\u00fanker 94.9, en el programa \u00abEl Tanke de B\u00fanker\u00bb.<\/p>\n\n\n\n<p>\u00abRoma es un lugar con muchas iglesias cat\u00f3licas. Y en determinado momento de la ma\u00f1ana camin\u00e1bamos hacia el Coliseo para la visita, y escuchamos una serie de campanadas que sal\u00edan de lo com\u00fan. Despu\u00e9s nos enteramos que era el aviso del fallecimiento de Francisco. Eso se empez\u00f3 a ver en los rostros cuando \u00edbamos ingresando al Vaticano\u00bb, agreg\u00f3.<\/p>\n\n\n\n<p>El legado del Papa: \u00abHay paz, por como este Papa transform\u00f3 grandes sectores de la iglesia. Me parece que la palabra principal de justicia social y su pedido a los grupos econ\u00f3micos, su consternaci\u00f3n hacia los pobres y refugiados. Me parece que es el principal legado que deja Francisco\u00bb, expres\u00f3.<\/p>\n\n\n\n<p>Por otra parte, anticip\u00f3 que la ceremonia de despedida de Jorge Bergoglio \u00abva a durar siete d\u00edas y va a ser en el Vaticano\u00bb.<\/p>\n\n\n\n<p>El proceso de elecci\u00f3n de un nuevo Papa: \u00abPor ahora, no hay informaci\u00f3n de c\u00f3mo y cu\u00e1ndo ser\u00e1 la elecci\u00f3n del nuevo Papa\u00bb, dijo.<\/p>\n\n\n\n<p>\u00abEl Papa Francisco es el segundo que te nombran. Maradona y Francisco tienen un arraigo popular de mucho reconocimiento, y como argentino, es una puerta que te abren para poder preguntar algo o pedir. Francisco hizo conocer a la Argentina en el mundo, sobre todo este concepto de justicia social, que es bien nativo de nuestro pueblo e historia\u00bb, resalt\u00f3 sobre lo que signific\u00f3 Francisco en tierras italianas.<\/p>\n\n\n\n<p>\u00abM\u00e1s all\u00e1 de las creencias que uno pueda tener sobre la estructura de la iglesia, de qu\u00e9 lado se coloc\u00f3, Francisco vino a poner eso que la iglesia no ten\u00eda desde hace miles de a\u00f1os. \u00c9l pudo popularizarla. Y que sea argentino, latinoamericano y tenga esos valores que descendi\u00f3 desde adentro en un lugar tan poderoso, es su legado\u00bb, destac\u00f3 para finalizar.<\/p>\n\n\n\n<figure class=\"wp-block-embed is-type-wp-embed is-provider-sector-prensa wp-block-embed-sector-prensa\"><div class=\"wp-block-embed__wrapper\">\n<blockquote class=\"wp-embedded-content\" data-secret=\"k8WAkTWMYE\"><a href=\"https:\/\/sectorprensa.com.ar\/?p=71898\">\u00abCerraron m\u00e1s de mil panader\u00edas en dos a\u00f1os en todo el pa\u00eds\u00bb<\/a><\/blockquote><iframe loading=\"lazy\" class=\"wp-embedded-content\" sandbox=\"allow-scripts\" security=\"restricted\" style=\"position: absolute; clip: rect(1px, 1px, 1px, 1px);\" title=\"\u00ab\u00abCerraron m\u00e1s de mil panader\u00edas en dos a\u00f1os en todo el pa\u00eds\u00bb\u00bb \u2014 Sector Prensa\" src=\"https:\/\/sectorprensa.com.ar\/?p=71898&#038;embed=true#?secret=EVgnLBroMj#?secret=k8WAkTWMYE\" data-secret=\"k8WAkTWMYE\" width=\"600\" height=\"338\" frameborder=\"0\" marginwidth=\"0\" marginheight=\"0\" scrolling=\"no\"><\/iframe>\n<\/div><\/figure>\n","protected":false},"excerpt":{"rendered":"<p>Marcelo Rodr\u00edguez dej\u00f3 sus sensaciones en el d\u00eda del fallecimiento del Papa Francisco y cont\u00f3 c\u00f3mo lo vivieron en Roma.<\/p>\n","protected":false},"author":5,"featured_media":72016,"comment_status":"closed","ping_status":"closed","sticky":false,"template":"","format":"standard","meta":{"colormag_page_container_layout":"default_layout","colormag_page_sidebar_layout":"default_layout","footnotes":""},"categories":[17,8,10],"tags":[9442,221,8327],"class_list":["post-72001","post","type-post","status-publish","format-standard","has-post-thumbnail","hentry","category-destacadas","category-politica","category-sociedad","tag-marcelo-rodriguez","tag-papa-francisco","tag-roma"],"_links":{"self":[{"href":"https:\/\/sectorprensa.com.ar\/index.php?rest_route=\/wp\/v2\/posts\/72001","targetHints":{"allow":["GET"]}}],"collection":[{"href":"https:\/\/sectorprensa.com.ar\/index.php?rest_route=\/wp\/v2\/posts"}],"about":[{"href":"https:\/\/sectorprensa.com.ar\/index.php?rest_route=\/wp\/v2\/types\/post"}],"author":[{"embeddable":true,"href":"https:\/\/sectorprensa.com.ar\/index.php?rest_route=\/wp\/v2\/users\/5"}],"replies":[{"embeddable":true,"href":"https:\/\/sectorprensa.com.ar\/index.php?rest_route=%2Fwp%2Fv2%2Fcomments&post=72001"}],"version-history":[{"count":1,"href":"https:\/\/sectorprensa.com.ar\/index.php?rest_route=\/wp\/v2\/posts\/72001\/revisions"}],"predecessor-version":[{"id":72019,"href":"https:\/\/sectorprensa.com.ar\/index.php?rest_route=\/wp\/v2\/posts\/72001\/revisions\/72019"}],"wp:featuredmedia":[{"embeddable":true,"href":"https:\/\/sectorprensa.com.ar\/index.php?rest_route=\/wp\/v2\/media\/72016"}],"wp:attachment":[{"href":"https:\/\/sectorprensa.com.ar\/index.php?rest_route=%2Fwp%2Fv2%2Fmedia&parent=72001"}],"wp:term":[{"taxonomy":"category","embeddable":true,"href":"https:\/\/sectorprensa.com.ar\/index.php?rest_route=%2Fwp%2Fv2%2Fcategories&post=72001"},{"taxonomy":"post_tag","embeddable":true,"href":"https:\/\/sectorprensa.com.ar\/index.php?rest_route=%2Fwp%2Fv2%2Ftags&post=72001"}],"curies":[{"name":"wp","href":"https:\/\/api.w.org\/{rel}","templated":true}]}}