{"id":72020,"date":"2025-04-21T23:49:02","date_gmt":"2025-04-22T02:49:02","guid":{"rendered":"https:\/\/sectorprensa.com.ar\/?p=72020"},"modified":"2025-04-22T12:19:31","modified_gmt":"2025-04-22T15:19:31","slug":"francisco-va-a-ser-recordado-como-el-papa-que-se-tomo-muy-en-serio-la-justicia-social","status":"publish","type":"post","link":"https:\/\/sectorprensa.com.ar\/?p=72020","title":{"rendered":"\u00abFrancisco va a ser recordado como el Papa que se tom\u00f3 muy en serio la justicia social\u00bb"},"content":{"rendered":"\n<h6 class=\"wp-block-heading\"><strong>Rodolfo Viano, cura en opci\u00f3n por los pobres, sostuvo que ese ser\u00e1 el legado de Jorge Bergoglio. Adem\u00e1s, record\u00f3 los gestos que ha tenido el Papa argentino.<\/strong><\/h6>\n\n\n\n<p>El mundo sigue conmovido por el fallecimiento del Papa Francisco y muchos dejaron sus mensajes en forma de despedida, mientras que otros hablan de sus recuerdos y destacan su legado. Rodolfo Viano, cura en opci\u00f3n por los pobres, sostuvo que Jorge Bergoglio \u00abva a ser recordado como el Papa que se tom\u00f3 en serio la justicia social\u00bb. Tambi\u00e9n, record\u00f3 la visita a Lampedusa y las denuncias a las causas de la pobreza. Por otra parte, expres\u00f3 su deseo de que su legado contin\u00fae.<\/p>\n\n\n\n<p>\u00abNo puedo dejar de tener un cierto aire de tristeza por la partida del Papa. Pero, a decir verdad, ya la ve\u00edan venir, el deterioro de salud fue bastante pronunciado entre enero y febrero. El Papa estaba acostumbrado a exigirse m\u00e1s de lo que puede, logr\u00f3 ser externado del policl\u00ednico donde estaba internado, hasta tener este \u00faltimo gesto en semana santa. Es una mezcla. Por un lado, era un final que se iba previendo, y por otro, lo vivo con agradecimiento. Tenemos que estar agradecidos, no por haber tenido un Papa argentino, sino por lo que fue con las periferias. Yo me quedo con ese llamado a no ser sordos, estar atentos al clamor y grito de los pobres, y la madre tierra\u00bb, dijo en entrevista con \u00abEl Tanke de B\u00fanker\u00bb, programa de Radio B\u00fanker 94.9.<\/p>\n\n\n\n<p>El acercamiento que gener\u00f3 entre la iglesia y los que menos tienen: \u00abCorrigi\u00f3 ese boato que rodeaba a la iglesia, al obispo de Roma y los dem\u00e1s obispos. Ojal\u00e1 eso tambi\u00e9n haya llegado al coraz\u00f3n. Recuerdo cuando nos invit\u00f3 a ser pastores con olor a ovejas, no por encima de ellas ni crey\u00e9ndonos en conductores verticalistas. Eso significa ser cercanos, que comparte la vida cotidiana. Las alegr\u00edas y sufrimientos de nuestra gente. No s\u00e9 que har\u00e1 su sucesor con esto, son detalles\u00bb, remarc\u00f3 Viano.<\/p>\n\n\n\n<p>\u00abPero, a veces los detalles tambi\u00e9n hablan. Como el primer gesto del Papa, de salir a la isla de Lampedusa para encontrarse con los inmigrantes que apenas llegaban a Europa desde el norte de \u00c1frica, con muchos que terminaban muriendo, y por eso denunciaba que el Mediterr\u00e1neo era un cementerio de pobres. Y denunciaba las causa de esa emigraci\u00f3n de los pa\u00edses de origen, que estaban en las guerras que generan las grandes potencias para colonizar a los pa\u00edses m\u00e1s pobres\u00bb, record\u00f3.<\/p>\n\n\n\n<p>\u00abEl Papa Francisco no se qued\u00f3 en la asistencia a los pobres, sino que tambi\u00e9n denunciaba las causas de la pobreza. Y hablando muy claramente de aquellos poderes econ\u00f3micos, y los pol\u00edticos al servicio de ellos, que traen males cada vez mayores\u00bb, destac\u00f3 sobre Jorge Bergoglio.<\/p>\n\n\n\n<p>La instalaci\u00f3n de la justicia social: \u00abSin duda, lo instal\u00f3 en el mundo. Justicia social y ambiental. El Papa no se ha callado y se\u00f1al\u00f3 cu\u00e1les son las causas de guerras como las de Rusia contra Ucrania, Israel y Gaza, Sud\u00e1n, Yemen. La causa de la guerra y la violencia, est\u00e1 justamente en las injusticias. Por eso, va a ser recordado como el Papa que tom\u00f3 muy en serio la justicia social. Cosa que le molesta a la ultra derecha meritocr\u00e1tica y que la considera, como el Presidente actual, como una aberraci\u00f3n\u00bb, se\u00f1al\u00f3.<\/p>\n\n\n\n<p>\u00bfC\u00f3mo seguir\u00e1 la iglesia cat\u00f3lica?: \u00abTengo la expectativa de que contin\u00fae. Mi principal expectativa est\u00e1 en que esto va a continuar, m\u00e1s all\u00e1 de la iglesia incluso. Francisco tuvo mucho que ver con la autoconciencia y el reconocimiento de la dignidad de los movimientos sociales, populares, de la econom\u00eda popular. Estas cosas van a continuar m\u00e1s all\u00e1 del Papa que sea elegido\u00bb, concluy\u00f3.<\/p>\n\n\n\n<figure class=\"wp-block-embed is-type-wp-embed is-provider-sector-prensa wp-block-embed-sector-prensa\"><div class=\"wp-block-embed__wrapper\">\n<blockquote class=\"wp-embedded-content\" data-secret=\"yz9chAHRuo\"><a href=\"https:\/\/sectorprensa.com.ar\/?p=71991\">Muri\u00f3 Francisco, Jorge Bergoglio, el primer papa argentino<\/a><\/blockquote><iframe loading=\"lazy\" class=\"wp-embedded-content\" sandbox=\"allow-scripts\" security=\"restricted\" style=\"position: absolute; clip: rect(1px, 1px, 1px, 1px);\" title=\"\u00abMuri\u00f3 Francisco, Jorge Bergoglio, el primer papa argentino\u00bb \u2014 Sector Prensa\" src=\"https:\/\/sectorprensa.com.ar\/?p=71991&#038;embed=true#?secret=0BmtvC633N#?secret=yz9chAHRuo\" data-secret=\"yz9chAHRuo\" width=\"600\" height=\"338\" frameborder=\"0\" marginwidth=\"0\" marginheight=\"0\" scrolling=\"no\"><\/iframe>\n<\/div><\/figure>\n","protected":false},"excerpt":{"rendered":"<p>Rodolfo Viano, cura en opci\u00f3n por los pobres, sostuvo que ese ser\u00e1 el legado de Jorge Bergoglio. Adem\u00e1s, record\u00f3 los<\/p>\n","protected":false},"author":5,"featured_media":72026,"comment_status":"closed","ping_status":"closed","sticky":false,"template":"","format":"standard","meta":{"colormag_page_container_layout":"default_layout","colormag_page_sidebar_layout":"default_layout","footnotes":""},"categories":[17,10],"tags":[221,9444],"class_list":["post-72020","post","type-post","status-publish","format-standard","has-post-thumbnail","hentry","category-destacadas","category-sociedad","tag-papa-francisco","tag-rodolfo-viano"],"_links":{"self":[{"href":"https:\/\/sectorprensa.com.ar\/index.php?rest_route=\/wp\/v2\/posts\/72020","targetHints":{"allow":["GET"]}}],"collection":[{"href":"https:\/\/sectorprensa.com.ar\/index.php?rest_route=\/wp\/v2\/posts"}],"about":[{"href":"https:\/\/sectorprensa.com.ar\/index.php?rest_route=\/wp\/v2\/types\/post"}],"author":[{"embeddable":true,"href":"https:\/\/sectorprensa.com.ar\/index.php?rest_route=\/wp\/v2\/users\/5"}],"replies":[{"embeddable":true,"href":"https:\/\/sectorprensa.com.ar\/index.php?rest_route=%2Fwp%2Fv2%2Fcomments&post=72020"}],"version-history":[{"count":1,"href":"https:\/\/sectorprensa.com.ar\/index.php?rest_route=\/wp\/v2\/posts\/72020\/revisions"}],"predecessor-version":[{"id":72024,"href":"https:\/\/sectorprensa.com.ar\/index.php?rest_route=\/wp\/v2\/posts\/72020\/revisions\/72024"}],"wp:featuredmedia":[{"embeddable":true,"href":"https:\/\/sectorprensa.com.ar\/index.php?rest_route=\/wp\/v2\/media\/72026"}],"wp:attachment":[{"href":"https:\/\/sectorprensa.com.ar\/index.php?rest_route=%2Fwp%2Fv2%2Fmedia&parent=72020"}],"wp:term":[{"taxonomy":"category","embeddable":true,"href":"https:\/\/sectorprensa.com.ar\/index.php?rest_route=%2Fwp%2Fv2%2Fcategories&post=72020"},{"taxonomy":"post_tag","embeddable":true,"href":"https:\/\/sectorprensa.com.ar\/index.php?rest_route=%2Fwp%2Fv2%2Ftags&post=72020"}],"curies":[{"name":"wp","href":"https:\/\/api.w.org\/{rel}","templated":true}]}}