{"id":72046,"date":"2025-04-22T23:39:16","date_gmt":"2025-04-23T02:39:16","guid":{"rendered":"https:\/\/sectorprensa.com.ar\/?p=72046"},"modified":"2025-04-22T23:39:16","modified_gmt":"2025-04-23T02:39:16","slug":"centro-espanol-se-le-escapo-el-triunfo","status":"publish","type":"post","link":"https:\/\/sectorprensa.com.ar\/?p=72046","title":{"rendered":"Centro Espa\u00f1ol: se le escap\u00f3 el triunfo"},"content":{"rendered":"\n<h6 class=\"wp-block-heading\"><strong>El Gallego sufri\u00f3 una nueva derrota, esta vez fue 2 a 1 contra Luj\u00e1n. El conjunto de Villa Sarmiento a\u00fan no gan\u00f3 de local y peligra la permanencia en la categor\u00eda.<\/strong><\/h6>\n\n\n\n<p>Una derrota m\u00e1s para Centro Espa\u00f1ol. En el Carlos Sacaan, cancha de Ituzaing\u00f3, comenz\u00f3 arriba en el marcador pero no pudo sostenerlo y cay\u00f3 ante Luj\u00e1n por 2 a 1, en el marco de la s\u00e9ptima jornada de la Zona B del Apertura de la Primera C.<\/p>\n\n\n\n<p>El Gallego sufri\u00f3 en el inicio del encuentro, Tabar\u00e9 Ben\u00edtez fue importante con algunas atajadas, incluso al equipo le cost\u00f3 recuperar la pelota y corri\u00f3 detr\u00e1s de ella. Sin embargo, se fue acomodando y encontrando el juego por las bandas. Desde all\u00ed, lleg\u00f3 el gol de Jerem\u00edas Gim\u00e9nez cuando transcurr\u00eda la primera media hora. A partir de ah\u00ed, el due\u00f1o de casa comenz\u00f3 a tomar el protagonismo y ganar los duelos, pero no estir\u00f3 la diferencia.<\/p>\n\n\n\n<p>En la segunda etapa, el Lujanero sali\u00f3 mejor ante el equipo de Villa Sarmiento que de a poco se fue quedando. Fue as\u00ed como a los 27 minutos, Juan Rom\u00e1n L\u00f3pez emparej\u00f3 la historia. Y finalmente, en 37&#8242; hubo una falta dentro del \u00e1rea que el \u00e1rbitro Mart\u00edn Desp\u00f3sito, de mal arbitraje, sancion\u00f3 con penal y Diego Molina lo cambi\u00f3 por gol.<\/p>\n\n\n\n<p>Tercera ca\u00edda consecutiva para los dirigidos por Santiago Fleitas, que se encuentran 13\u00b0 con 4 unidades en su grupo, mientras que en la tabla general ocupan el 25\u00b0 lugar y est\u00e1n a uno de la desafiliaci\u00f3n. El pr\u00f3ximo domingo a las 15:30hs, visitar\u00e1n a Atlas.<\/p>\n","protected":false},"excerpt":{"rendered":"<p>El Gallego sufri\u00f3 una nueva derrota, esta vez fue 2 a 1 contra Luj\u00e1n. El conjunto de Villa Sarmiento a\u00fan<\/p>\n","protected":false},"author":5,"featured_media":72047,"comment_status":"closed","ping_status":"closed","sticky":false,"template":"","format":"standard","meta":{"colormag_page_container_layout":"default_layout","colormag_page_sidebar_layout":"default_layout","footnotes":""},"categories":[11],"tags":[744,91],"class_list":["post-72046","post","type-post","status-publish","format-standard","has-post-thumbnail","hentry","category-deportes","tag-centro-espanol","tag-primera-c"],"_links":{"self":[{"href":"https:\/\/sectorprensa.com.ar\/index.php?rest_route=\/wp\/v2\/posts\/72046","targetHints":{"allow":["GET"]}}],"collection":[{"href":"https:\/\/sectorprensa.com.ar\/index.php?rest_route=\/wp\/v2\/posts"}],"about":[{"href":"https:\/\/sectorprensa.com.ar\/index.php?rest_route=\/wp\/v2\/types\/post"}],"author":[{"embeddable":true,"href":"https:\/\/sectorprensa.com.ar\/index.php?rest_route=\/wp\/v2\/users\/5"}],"replies":[{"embeddable":true,"href":"https:\/\/sectorprensa.com.ar\/index.php?rest_route=%2Fwp%2Fv2%2Fcomments&post=72046"}],"version-history":[{"count":1,"href":"https:\/\/sectorprensa.com.ar\/index.php?rest_route=\/wp\/v2\/posts\/72046\/revisions"}],"predecessor-version":[{"id":72048,"href":"https:\/\/sectorprensa.com.ar\/index.php?rest_route=\/wp\/v2\/posts\/72046\/revisions\/72048"}],"wp:featuredmedia":[{"embeddable":true,"href":"https:\/\/sectorprensa.com.ar\/index.php?rest_route=\/wp\/v2\/media\/72047"}],"wp:attachment":[{"href":"https:\/\/sectorprensa.com.ar\/index.php?rest_route=%2Fwp%2Fv2%2Fmedia&parent=72046"}],"wp:term":[{"taxonomy":"category","embeddable":true,"href":"https:\/\/sectorprensa.com.ar\/index.php?rest_route=%2Fwp%2Fv2%2Fcategories&post=72046"},{"taxonomy":"post_tag","embeddable":true,"href":"https:\/\/sectorprensa.com.ar\/index.php?rest_route=%2Fwp%2Fv2%2Ftags&post=72046"}],"curies":[{"name":"wp","href":"https:\/\/api.w.org\/{rel}","templated":true}]}}