{"id":72254,"date":"2025-04-30T21:16:37","date_gmt":"2025-05-01T00:16:37","guid":{"rendered":"https:\/\/sectorprensa.com.ar\/?p=72254"},"modified":"2025-04-30T21:18:04","modified_gmt":"2025-05-01T00:18:04","slug":"garcia-barraza-presento-su-libro","status":"publish","type":"post","link":"https:\/\/sectorprensa.com.ar\/?p=72254","title":{"rendered":"Garc\u00eda Barraza present\u00f3 su libro"},"content":{"rendered":"\n<h6 class=\"wp-block-heading\"><strong>El escritor present\u00f3 \u00abDe dormir en un caj\u00f3n a despertar en tus ojos\u00bb en la Feria del Libro. \u00abCuenta experiencias que estar\u00eda bueno compartir con los dem\u00e1s\u00bb, se\u00f1al\u00f3 sobre su obra.<\/strong><\/h6>\n\n\n\n<p>Este mi\u00e9rcoles en la Feria del Libro, Mariano Garc\u00eda Barraza present\u00f3 su libro titulado \u00abDe dormir en un caj\u00f3n a despertar en tus ojos\u00bb. La obra literaria cuenta diferentes vivencias del autor, poemas, relatos y frases. El escritor dijo que este trabajo \u00abmuestra un poco de su escritura entre la adolescencia y la adultez\u00bb. Adem\u00e1s, expres\u00f3 que \u00abla idea es abrir el juego de lo que pasa en el coraz\u00f3n\u00bb. Por otra parte, cont\u00f3 c\u00f3mo fue mutando su manera de escribir, revel\u00f3 que sinti\u00f3 \u00abtemor\u00bb de publicarlo y se refiri\u00f3 a las cr\u00edticas recibidas.<\/p>\n\n\n\n<p>\u00abEl libro es un proyecto postergado que tengo hace varios a\u00f1os. Yo escribo desde los 15, hoy tengo 36. Muestra un poco lo fui escribiendo en estos 20 a\u00f1os, entre la etapa adolescente y la adulta. Entre frases, poemas y algunos relatos breves, cuenta experiencias que estar\u00eda bueno compartir con los dem\u00e1s. Y por ah\u00ed, se encuentran con su realidad. La idea es abrir el juego de lo que pasa en el coraz\u00f3n\u00bb, explic\u00f3 en Radio B\u00fanker 94.9, en el programa \u00abEl Tanke de B\u00fanker\u00bb.<\/p>\n\n\n\n<p>La cr\u00edtica del p\u00fablico: \u00abPor ahora lo ley\u00f3 gente que me hicieron devoluciones lindas, que se sorprende porque no sab\u00eda de mi faceta escritora. Llega, porque me parece que representa un poco la realidad que uno vive d\u00eda a d\u00eda como habitante del conurbano, de zona oeste, y como laburante\u00bb, indic\u00f3.<\/p>\n\n\n\n<p>El proceso durante sus 20 a\u00f1os de escritor: \u00abYo lo que noto al mirar algunas poes\u00edas, es que mut\u00f3 la forma de escribir a cuando era m\u00e1s chico. B\u00e1sicamente siempre habl\u00e9 de los mismos temas, experiencias m\u00edas, un poco de amor, la amistad y sentirse un poco solo, la frustraci\u00f3n, los trabajos. Tambi\u00e9n hay un poco de divisi\u00f3n pol\u00edtica\u00bb, dijo.<\/p>\n\n\n\n<p>Por otra parte, aclar\u00f3 que los relatos breves \u00abdescriben un momento determinado, con cosas que tienen alg\u00fan condimento real y otras que son embellecidas con la manera de escribir, pero son posibles\u00bb.<\/p>\n\n\n\n<p>Por \u00faltimo, Garc\u00eda Barraza confes\u00f3 que \u00abestuvo un poco ese temor de publicarlo porque ten\u00eda mis vivencias\u00bb, pero agreg\u00f3 que \u00abtambi\u00e9n ven\u00eda con ganas de hacerlo hace tiempo y no me decid\u00eda, como que el momento no llegaba nunca\u00bb. En la misma l\u00ednea, expres\u00f3 que siempre escrib\u00ed para sanar y para encontrar, a trav\u00e9s de la escritura, el camino para seguir avanzando\u00bb.<\/p>\n\n\n\n<figure class=\"wp-block-embed is-type-wp-embed is-provider-sector-prensa wp-block-embed-sector-prensa\"><div class=\"wp-block-embed__wrapper\">\n<blockquote class=\"wp-embedded-content\" data-secret=\"fX9YN1ATL9\"><a href=\"https:\/\/sectorprensa.com.ar\/?p=72140\">\u00abEl Alma no Come Vidrio\u00bb: el mundo del encierro y la locura<\/a><\/blockquote><iframe loading=\"lazy\" class=\"wp-embedded-content\" sandbox=\"allow-scripts\" security=\"restricted\" style=\"position: absolute; clip: rect(1px, 1px, 1px, 1px);\" title=\"\u00ab\u00abEl Alma no Come Vidrio\u00bb: el mundo del encierro y la locura\u00bb \u2014 Sector Prensa\" src=\"https:\/\/sectorprensa.com.ar\/?p=72140&#038;embed=true#?secret=buHHSj8Sxc#?secret=fX9YN1ATL9\" data-secret=\"fX9YN1ATL9\" width=\"600\" height=\"338\" frameborder=\"0\" marginwidth=\"0\" marginheight=\"0\" scrolling=\"no\"><\/iframe>\n<\/div><\/figure>\n","protected":false},"excerpt":{"rendered":"<p>El escritor present\u00f3 \u00abDe dormir en un caj\u00f3n a despertar en tus ojos\u00bb en la Feria del Libro. \u00abCuenta experiencias<\/p>\n","protected":false},"author":5,"featured_media":72260,"comment_status":"closed","ping_status":"closed","sticky":false,"template":"","format":"standard","meta":{"colormag_page_container_layout":"default_layout","colormag_page_sidebar_layout":"default_layout","footnotes":""},"categories":[9,17],"tags":[9455,257,9454],"class_list":["post-72254","post","type-post","status-publish","format-standard","has-post-thumbnail","hentry","category-cultura","category-destacadas","tag-de-dormir-en-un-cajon-a-despertar-en-tus-ojos","tag-feria-del-libro","tag-mariano-garcia-barraza"],"_links":{"self":[{"href":"https:\/\/sectorprensa.com.ar\/index.php?rest_route=\/wp\/v2\/posts\/72254","targetHints":{"allow":["GET"]}}],"collection":[{"href":"https:\/\/sectorprensa.com.ar\/index.php?rest_route=\/wp\/v2\/posts"}],"about":[{"href":"https:\/\/sectorprensa.com.ar\/index.php?rest_route=\/wp\/v2\/types\/post"}],"author":[{"embeddable":true,"href":"https:\/\/sectorprensa.com.ar\/index.php?rest_route=\/wp\/v2\/users\/5"}],"replies":[{"embeddable":true,"href":"https:\/\/sectorprensa.com.ar\/index.php?rest_route=%2Fwp%2Fv2%2Fcomments&post=72254"}],"version-history":[{"count":1,"href":"https:\/\/sectorprensa.com.ar\/index.php?rest_route=\/wp\/v2\/posts\/72254\/revisions"}],"predecessor-version":[{"id":72259,"href":"https:\/\/sectorprensa.com.ar\/index.php?rest_route=\/wp\/v2\/posts\/72254\/revisions\/72259"}],"wp:featuredmedia":[{"embeddable":true,"href":"https:\/\/sectorprensa.com.ar\/index.php?rest_route=\/wp\/v2\/media\/72260"}],"wp:attachment":[{"href":"https:\/\/sectorprensa.com.ar\/index.php?rest_route=%2Fwp%2Fv2%2Fmedia&parent=72254"}],"wp:term":[{"taxonomy":"category","embeddable":true,"href":"https:\/\/sectorprensa.com.ar\/index.php?rest_route=%2Fwp%2Fv2%2Fcategories&post=72254"},{"taxonomy":"post_tag","embeddable":true,"href":"https:\/\/sectorprensa.com.ar\/index.php?rest_route=%2Fwp%2Fv2%2Ftags&post=72254"}],"curies":[{"name":"wp","href":"https:\/\/api.w.org\/{rel}","templated":true}]}}