{"id":72270,"date":"2025-05-02T10:59:09","date_gmt":"2025-05-02T13:59:09","guid":{"rendered":"https:\/\/sectorprensa.com.ar\/?p=72270"},"modified":"2025-05-02T10:59:10","modified_gmt":"2025-05-02T13:59:10","slug":"aumento-salarial-para-trabajadores-municipales-de-merlo-el-esfuerzo-que-hace-el-municipio-vale-la-pena","status":"publish","type":"post","link":"https:\/\/sectorprensa.com.ar\/?p=72270","title":{"rendered":"Aumento salarial para trabajadores municipales de Merlo: \u201cEl esfuerzo que hace el Municipio vale la pena\u201d"},"content":{"rendered":"\n<h6 class=\"wp-block-heading\"><strong>En el D\u00eda del Trabajador, el intendente de Merlo, Gustavo Men\u00e9ndez, anunci\u00f3 un aumento salarial del 20% para los empleados municipales, a aplicarse en mayo, y anticip\u00f3 que en 90 d\u00edas se evaluar\u00e1 una nueva recomposici\u00f3n junto al gremio.<\/strong><\/h6>\n\n\n\n<p>En el marco del D\u00eda del Trabajador, el intendente de Merlo, Gustavo Men\u00e9ndez, anunci\u00f3 un aumento salarial para trabajadores municipales, junto al secretario general del Sindicato de Empleados Municipales Jos\u00e9 Luis N\u00fa\u00f1ez y el jefe de Gabinete Gustavo Soos.<\/p>\n\n\n\n<p>Se trata de un incremento del 20% que impactar\u00e1 en los haberes correspondientes al mes de mayo.<\/p>\n\n\n\n<p>\u201cVenimos trabajando para poder cumplir con esta sana costumbre que tenemos todos los 1\u00b0 de mayo, de hacer un anuncio con una recomposici\u00f3n salarial celebrando el D\u00eda del Trabajador\u201d, manifest\u00f3 el jefe comunal.<\/p>\n\n\n\n<figure class=\"wp-block-embed is-type-rich is-provider-twitter wp-block-embed-twitter\"><div class=\"wp-block-embed__wrapper\">\n<blockquote class=\"twitter-tweet\" data-width=\"550\" data-dnt=\"true\"><p lang=\"es\" dir=\"ltr\">AUMENTO SALARIAL PARA EMPLEADOS MUNICIPALES DE MERLO<br><br>En el marco del D\u00eda del Trabajador, anunciamos un aumento salarial, junto al secretario general del Sindicato de Empleados Municipales Jos\u00e9 Luis N\u00fa\u00f1ez y el jefe de Gabinete Gustavo Soos.<br><br>Se trata de un incremento del 20% que\u2026 <a href=\"https:\/\/t.co\/oR3cKIVkYs\">pic.twitter.com\/oR3cKIVkYs<\/a><\/p>&mdash; Gustavo Men\u00e9ndez (@gustavomenendez) <a href=\"https:\/\/twitter.com\/gustavomenendez\/status\/1917951184582697042?ref_src=twsrc%5Etfw\">May 1, 2025<\/a><\/blockquote><script async src=\"https:\/\/platform.twitter.com\/widgets.js\" charset=\"utf-8\"><\/script>\n<\/div><\/figure>\n\n\n\n<p>El intendente inform\u00f3 que \u201cel gremio ha pedido volver a reunirnos en 90 d\u00edas para avanzar en una nueva recomposici\u00f3n y nos parece justo, dada la situaci\u00f3n econ\u00f3mica que atraviesan todos los trabajadores en la Rep\u00fablica Argentina\u201d.<\/p>\n\n\n\n<p>Por su parte, el Secretario General del Sindicato, Jos\u00e9 Luis N\u00fa\u00f1ez, destac\u00f3 el di\u00e1logo permanente y expres\u00f3: \u201cEstamos agradecidos porque, desde que ha asumido este Gobierno, nosotros siempre tuvimos las puertas abiertas para plantear la problem\u00e1tica salarial y llegar a un acuerdo\u201d.<\/p>\n\n\n\n<p>Finalmente, Men\u00e9ndez destac\u00f3 la labor de todas las \u00e1reas y el compromiso del Sindicato, al tiempo que afirm\u00f3: \u201cEl esfuerzo enorme que est\u00e1 haciendo el Municipio vale la pena, porque hay un gran merecimiento del trabajador y de la trabajadora municipal\u201d.<\/p>\n","protected":false},"excerpt":{"rendered":"<p>En el D\u00eda del Trabajador, el intendente de Merlo, Gustavo Men\u00e9ndez, anunci\u00f3 un aumento salarial del 20% para los empleados<\/p>\n","protected":false},"author":6,"featured_media":72271,"comment_status":"closed","ping_status":"closed","sticky":false,"template":"","format":"standard","meta":{"colormag_page_container_layout":"default_layout","colormag_page_sidebar_layout":"default_layout","footnotes":""},"categories":[6828,7,8,10],"tags":[],"class_list":["post-72270","post","type-post","status-publish","format-standard","has-post-thumbnail","hentry","category-mas-destacadas","category-merlo","category-politica","category-sociedad"],"_links":{"self":[{"href":"https:\/\/sectorprensa.com.ar\/index.php?rest_route=\/wp\/v2\/posts\/72270","targetHints":{"allow":["GET"]}}],"collection":[{"href":"https:\/\/sectorprensa.com.ar\/index.php?rest_route=\/wp\/v2\/posts"}],"about":[{"href":"https:\/\/sectorprensa.com.ar\/index.php?rest_route=\/wp\/v2\/types\/post"}],"author":[{"embeddable":true,"href":"https:\/\/sectorprensa.com.ar\/index.php?rest_route=\/wp\/v2\/users\/6"}],"replies":[{"embeddable":true,"href":"https:\/\/sectorprensa.com.ar\/index.php?rest_route=%2Fwp%2Fv2%2Fcomments&post=72270"}],"version-history":[{"count":1,"href":"https:\/\/sectorprensa.com.ar\/index.php?rest_route=\/wp\/v2\/posts\/72270\/revisions"}],"predecessor-version":[{"id":72272,"href":"https:\/\/sectorprensa.com.ar\/index.php?rest_route=\/wp\/v2\/posts\/72270\/revisions\/72272"}],"wp:featuredmedia":[{"embeddable":true,"href":"https:\/\/sectorprensa.com.ar\/index.php?rest_route=\/wp\/v2\/media\/72271"}],"wp:attachment":[{"href":"https:\/\/sectorprensa.com.ar\/index.php?rest_route=%2Fwp%2Fv2%2Fmedia&parent=72270"}],"wp:term":[{"taxonomy":"category","embeddable":true,"href":"https:\/\/sectorprensa.com.ar\/index.php?rest_route=%2Fwp%2Fv2%2Fcategories&post=72270"},{"taxonomy":"post_tag","embeddable":true,"href":"https:\/\/sectorprensa.com.ar\/index.php?rest_route=%2Fwp%2Fv2%2Ftags&post=72270"}],"curies":[{"name":"wp","href":"https:\/\/api.w.org\/{rel}","templated":true}]}}