{"id":72300,"date":"2025-05-04T17:21:17","date_gmt":"2025-05-04T20:21:17","guid":{"rendered":"https:\/\/sectorprensa.com.ar\/?p=72300"},"modified":"2025-05-04T17:21:18","modified_gmt":"2025-05-04T20:21:18","slug":"a-la-gente-le-importa-cero-el-caso-libra","status":"publish","type":"post","link":"https:\/\/sectorprensa.com.ar\/?p=72300","title":{"rendered":"\u00abA la gente le importa cero el caso $Libra\u00bb"},"content":{"rendered":"\n<h6 class=\"wp-block-heading\"><strong>Guillermo Francos, Jefe de Gabinete, minimiz\u00f3 el caso que tiene como acusado al Presidente Javier Milei. El funcionario asegur\u00f3 que \u00abnadie vio\u00bb su interpelaci\u00f3n y que se trata de un acto para \u00abdisminuir la enorme imagen del Presidente\u00bb.<\/strong><\/h6>\n\n\n\n<p>En el marco de la causa por estafa de $Libra, Guillermo Francos sostuvo que a los argentinos \u00ables importa cero\u00bb el mismo. Adem\u00e1s, el Jefe de Gabinete asegur\u00f3 que su interpelaci\u00f3n \u00abno la vio nadie\u00bb. Por otra parte, se refiri\u00f3 a las elecciones legislativas y se mostr\u00f3 con confianza en cuanto a los resultados.<\/p>\n\n\n\n<p>\u00abA la gente le importa cero $Libra. Esta interpelaci\u00f3n que me hicieron no la vio nadie, salvo alg\u00fan minuto u otro que se public\u00f3 en redes,&nbsp;pero para el gran p\u00fablico, cero importancia\u00bb, subray\u00f3 el funcionario.<\/p>\n\n\n\n<p>Luego, apunt\u00f3 contra la oposici\u00f3n: \u00abEs el \u00fanico episodio que encontraron para hacer un planteo \u00e9tico. Intentan disminuir la enorme imagen del Presidente entre los argentinos\u00bb, asegur\u00f3 Francos.<\/p>\n\n\n\n<p>En cuanto a las elecciones legislativas, expres\u00f3: \u00abEstoy convencido de que vamos a ganar en octubre\u00bb.<\/p>\n\n\n\n<p>Vale recordar, el mi\u00e9rcoles se realiz\u00f3 una votaci\u00f3n para definir las autoridades de la comisi\u00f3n investigadora del caso $Libra, la cual arroj\u00f3 un empate en 14 y no lleg\u00f3 a buen puerto.<\/p>\n\n\n\n<p>Francos es el primero y \u00fanico funcionario del gobierno nacional que asisti\u00f3 a la interpelaci\u00f3n, donde defendi\u00f3 a Milei argumentando que la publicaci\u00f3n realizada sobre la criptomoneda fue una \u00abdifusi\u00f3n personal\u00bb ya que se hizo desde Olivos. A\u00fan se espera que Luis Caputo, Ministro de Econom\u00eda, y Mariano Cuneo Libarona, Ministro de Justicia, se presenten tras su negativa al primer llamado.<\/p>\n\n\n\n<figure class=\"wp-block-embed is-type-wp-embed is-provider-sector-prensa wp-block-embed-sector-prensa\"><div class=\"wp-block-embed__wrapper\">\n<blockquote class=\"wp-embedded-content\" data-secret=\"VyvY0paVDP\"><a href=\"https:\/\/sectorprensa.com.ar\/?p=72284\">Macri critic\u00f3 al gobierno de Milei por la corrupci\u00f3n<\/a><\/blockquote><iframe loading=\"lazy\" class=\"wp-embedded-content\" sandbox=\"allow-scripts\" security=\"restricted\" style=\"position: absolute; clip: rect(1px, 1px, 1px, 1px);\" title=\"\u00abMacri critic\u00f3 al gobierno de Milei por la corrupci\u00f3n\u00bb \u2014 Sector Prensa\" src=\"https:\/\/sectorprensa.com.ar\/?p=72284&#038;embed=true#?secret=W4XxTtSodd#?secret=VyvY0paVDP\" data-secret=\"VyvY0paVDP\" width=\"600\" height=\"338\" frameborder=\"0\" marginwidth=\"0\" marginheight=\"0\" scrolling=\"no\"><\/iframe>\n<\/div><\/figure>\n","protected":false},"excerpt":{"rendered":"<p>Guillermo Francos, Jefe de Gabinete, minimiz\u00f3 el caso que tiene como acusado al Presidente Javier Milei. El funcionario asegur\u00f3 que<\/p>\n","protected":false},"author":6,"featured_media":72301,"comment_status":"closed","ping_status":"closed","sticky":false,"template":"","format":"standard","meta":{"colormag_page_container_layout":"default_layout","colormag_page_sidebar_layout":"default_layout","footnotes":""},"categories":[6828,8],"tags":[],"class_list":["post-72300","post","type-post","status-publish","format-standard","has-post-thumbnail","hentry","category-mas-destacadas","category-politica"],"_links":{"self":[{"href":"https:\/\/sectorprensa.com.ar\/index.php?rest_route=\/wp\/v2\/posts\/72300","targetHints":{"allow":["GET"]}}],"collection":[{"href":"https:\/\/sectorprensa.com.ar\/index.php?rest_route=\/wp\/v2\/posts"}],"about":[{"href":"https:\/\/sectorprensa.com.ar\/index.php?rest_route=\/wp\/v2\/types\/post"}],"author":[{"embeddable":true,"href":"https:\/\/sectorprensa.com.ar\/index.php?rest_route=\/wp\/v2\/users\/6"}],"replies":[{"embeddable":true,"href":"https:\/\/sectorprensa.com.ar\/index.php?rest_route=%2Fwp%2Fv2%2Fcomments&post=72300"}],"version-history":[{"count":1,"href":"https:\/\/sectorprensa.com.ar\/index.php?rest_route=\/wp\/v2\/posts\/72300\/revisions"}],"predecessor-version":[{"id":72302,"href":"https:\/\/sectorprensa.com.ar\/index.php?rest_route=\/wp\/v2\/posts\/72300\/revisions\/72302"}],"wp:featuredmedia":[{"embeddable":true,"href":"https:\/\/sectorprensa.com.ar\/index.php?rest_route=\/wp\/v2\/media\/72301"}],"wp:attachment":[{"href":"https:\/\/sectorprensa.com.ar\/index.php?rest_route=%2Fwp%2Fv2%2Fmedia&parent=72300"}],"wp:term":[{"taxonomy":"category","embeddable":true,"href":"https:\/\/sectorprensa.com.ar\/index.php?rest_route=%2Fwp%2Fv2%2Fcategories&post=72300"},{"taxonomy":"post_tag","embeddable":true,"href":"https:\/\/sectorprensa.com.ar\/index.php?rest_route=%2Fwp%2Fv2%2Ftags&post=72300"}],"curies":[{"name":"wp","href":"https:\/\/api.w.org\/{rel}","templated":true}]}}