{"id":72309,"date":"2025-05-05T10:48:45","date_gmt":"2025-05-05T13:48:45","guid":{"rendered":"https:\/\/sectorprensa.com.ar\/?p=72309"},"modified":"2025-05-05T10:48:46","modified_gmt":"2025-05-05T13:48:46","slug":"avanza-la-renovacion-del-centro-comercial-de-moreno-sur","status":"publish","type":"post","link":"https:\/\/sectorprensa.com.ar\/?p=72309","title":{"rendered":"Avanza la renovaci\u00f3n del centro comercial de Moreno Sur"},"content":{"rendered":"\n<h6 class=\"wp-block-heading\"><strong>Se construir\u00e1n nuevas veredas, rampas, luminarias y se modernizar\u00e1n las paradas de colectivo.<\/strong><\/h6>\n\n\n\n<p>El Municipio contin\u00faa con la renovaci\u00f3n del centro comercial en Moreno Sur. Los trabajos se desarrollan sobre la calle Yrigoyen, entre Ayacucho y Del Ca\u00f1\u00f3n, que impactar\u00e1n positivamente en la actividad comercial y en la vida cotidiana de las vecinas y vecinos.<\/p>\n\n\n\n<p>El proyecto contempla la construcci\u00f3n de nuevas veredas con baldosa, la instalaci\u00f3n de rampas de acceso para personas con movilidad reducida, la colocaci\u00f3n de mobiliario urbano como bancos y cestos de basura y la incorporaci\u00f3n de canteros con vegetaci\u00f3n para embellecer el entorno. Adem\u00e1s, se instalar\u00e1n luminarias LED peatonales, mejorando la iluminaci\u00f3n y la seguridad de la zona.<\/p>\n\n\n\n<p>Como parte de la renovaci\u00f3n integral, tambi\u00e9n se reemplazar\u00e1n las actuales paradas de colectivo por estructuras nuevas, ofreciendo mayor comodidad para quienes utilizan el transporte p\u00fablico.<\/p>\n\n\n\n<p>\u201cEsta intervenci\u00f3n beneficiar\u00e1 de manera directa la actividad comercial de la zona y potenciar\u00e1 un espacio clave para el desarrollo econ\u00f3mico de Moreno Sur. Con esta obra, el Municipio busca no solo revitalizar el espacio p\u00fablico, sino tambi\u00e9n consolidar un entorno m\u00e1s accesible, seguro y agradable para la comunidad\u201d, remarcaron.<\/p>\n\n\n\n<figure class=\"wp-block-embed is-type-wp-embed is-provider-sector-prensa wp-block-embed-sector-prensa\"><div class=\"wp-block-embed__wrapper\">\n<blockquote class=\"wp-embedded-content\" data-secret=\"2uF8nrJbhQ\"><a href=\"https:\/\/sectorprensa.com.ar\/?p=72176\">Moreno: comenz\u00f3 la refacci\u00f3n integral del CAPS Las Flores<\/a><\/blockquote><iframe loading=\"lazy\" class=\"wp-embedded-content\" sandbox=\"allow-scripts\" security=\"restricted\" style=\"position: absolute; clip: rect(1px, 1px, 1px, 1px);\" title=\"\u00abMoreno: comenz\u00f3 la refacci\u00f3n integral del CAPS Las Flores\u00bb \u2014 Sector Prensa\" src=\"https:\/\/sectorprensa.com.ar\/?p=72176&#038;embed=true#?secret=EMA7unrfRb#?secret=2uF8nrJbhQ\" data-secret=\"2uF8nrJbhQ\" width=\"600\" height=\"338\" frameborder=\"0\" marginwidth=\"0\" marginheight=\"0\" scrolling=\"no\"><\/iframe>\n<\/div><\/figure>\n","protected":false},"excerpt":{"rendered":"<p>Se construir\u00e1n nuevas veredas, rampas, luminarias y se modernizar\u00e1n las paradas de colectivo. El Municipio contin\u00faa con la renovaci\u00f3n del<\/p>\n","protected":false},"author":6,"featured_media":72310,"comment_status":"closed","ping_status":"closed","sticky":false,"template":"","format":"standard","meta":{"colormag_page_container_layout":"default_layout","colormag_page_sidebar_layout":"default_layout","footnotes":""},"categories":[17,2154,1173,10],"tags":[],"class_list":["post-72309","post","type-post","status-publish","format-standard","has-post-thumbnail","hentry","category-destacadas","category-moreno","category-municipales","category-sociedad"],"_links":{"self":[{"href":"https:\/\/sectorprensa.com.ar\/index.php?rest_route=\/wp\/v2\/posts\/72309","targetHints":{"allow":["GET"]}}],"collection":[{"href":"https:\/\/sectorprensa.com.ar\/index.php?rest_route=\/wp\/v2\/posts"}],"about":[{"href":"https:\/\/sectorprensa.com.ar\/index.php?rest_route=\/wp\/v2\/types\/post"}],"author":[{"embeddable":true,"href":"https:\/\/sectorprensa.com.ar\/index.php?rest_route=\/wp\/v2\/users\/6"}],"replies":[{"embeddable":true,"href":"https:\/\/sectorprensa.com.ar\/index.php?rest_route=%2Fwp%2Fv2%2Fcomments&post=72309"}],"version-history":[{"count":1,"href":"https:\/\/sectorprensa.com.ar\/index.php?rest_route=\/wp\/v2\/posts\/72309\/revisions"}],"predecessor-version":[{"id":72311,"href":"https:\/\/sectorprensa.com.ar\/index.php?rest_route=\/wp\/v2\/posts\/72309\/revisions\/72311"}],"wp:featuredmedia":[{"embeddable":true,"href":"https:\/\/sectorprensa.com.ar\/index.php?rest_route=\/wp\/v2\/media\/72310"}],"wp:attachment":[{"href":"https:\/\/sectorprensa.com.ar\/index.php?rest_route=%2Fwp%2Fv2%2Fmedia&parent=72309"}],"wp:term":[{"taxonomy":"category","embeddable":true,"href":"https:\/\/sectorprensa.com.ar\/index.php?rest_route=%2Fwp%2Fv2%2Fcategories&post=72309"},{"taxonomy":"post_tag","embeddable":true,"href":"https:\/\/sectorprensa.com.ar\/index.php?rest_route=%2Fwp%2Fv2%2Ftags&post=72309"}],"curies":[{"name":"wp","href":"https:\/\/api.w.org\/{rel}","templated":true}]}}