{"id":72319,"date":"2025-05-05T14:17:29","date_gmt":"2025-05-05T17:17:29","guid":{"rendered":"https:\/\/sectorprensa.com.ar\/?p=72319"},"modified":"2025-05-05T14:17:50","modified_gmt":"2025-05-05T17:17:50","slug":"la-uta-ratifico-el-paro-nacional-de-colectivos-pese-a-nueva-reunion-con-el-gobierno","status":"publish","type":"post","link":"https:\/\/sectorprensa.com.ar\/?p=72319","title":{"rendered":"La UTA ratific\u00f3 el paro nacional de colectivos pese a nueva reuni\u00f3n con el\u00a0Gobierno"},"content":{"rendered":"\n<h6 class=\"wp-block-heading\"><strong>El gremio confirm\u00f3 que la medida de fuerza ser\u00e1 este martes 6 de mayo durante 24 horas, en rechazo a las ofertas salariales de las c\u00e1maras empresarias y ante la falta de acuerdo con el Ejecutivo.<\/strong><\/h6>\n\n\n\n<p>La Uni\u00f3n Tranviarios Automotor (UTA) ratific\u00f3 el paro de colectivos previsto para este martes 6 de mayo en todo el pa\u00eds, pese a una reuni\u00f3n agendada con la Secretar\u00eda de Trabajo. Gabriel Gusso, secretario gremial del sindicato, afirm\u00f3 que la medida est\u00e1 firme tras el vencimiento de la conciliaci\u00f3n obligatoria.<\/p>\n\n\n\n<p>El gremio rechaza la oferta de sumas no remunerativas hecha por las c\u00e1maras empresarias, que incluyen pagos escalonados de $40.000, $50.000 y $70.000 en los pr\u00f3ximos meses. La UTA considera esta propuesta \u201cuna falta de respeto\u201d y exige un salario b\u00e1sico de $1.700.000.<\/p>\n\n\n\n<p>Desde la asociaci\u00f3n empresarial AAETA justificaron la oferta con el congelamiento tarifario que rige desde diciembre y la falta de partidas presupuestarias para actualizaciones. Sin embargo, el sindicato remarc\u00f3 que no hay voluntad pol\u00edtica para mejorar el acuerdo.<\/p>\n\n\n\n<p>En ese contexto, Gusso asegur\u00f3 que \u201cno hay raz\u00f3n para levantar el paro\u201d, y anticip\u00f3 que la medida afectar\u00e1 a empresas de transporte de corta y media distancia a partir de las 00:00 del martes.<\/p>\n\n\n\n<figure class=\"wp-block-embed is-type-wp-embed is-provider-sector-prensa wp-block-embed-sector-prensa\"><div class=\"wp-block-embed__wrapper\">\n<blockquote class=\"wp-embedded-content\" data-secret=\"IIpgXtVjMk\"><a href=\"https:\/\/sectorprensa.com.ar\/?p=72255\">La UTA anunci\u00f3 un paro de colectivos para el martes 6 de mayo<\/a><\/blockquote><iframe loading=\"lazy\" class=\"wp-embedded-content\" sandbox=\"allow-scripts\" security=\"restricted\" style=\"position: absolute; clip: rect(1px, 1px, 1px, 1px);\" title=\"\u00abLa UTA anunci\u00f3 un paro de colectivos para el martes 6 de mayo\u00bb \u2014 Sector Prensa\" src=\"https:\/\/sectorprensa.com.ar\/?p=72255&#038;embed=true#?secret=2mPfH9iqEc#?secret=IIpgXtVjMk\" data-secret=\"IIpgXtVjMk\" width=\"600\" height=\"338\" frameborder=\"0\" marginwidth=\"0\" marginheight=\"0\" scrolling=\"no\"><\/iframe>\n<\/div><\/figure>\n","protected":false},"excerpt":{"rendered":"<p>El gremio confirm\u00f3 que la medida de fuerza ser\u00e1 este martes 6 de mayo durante 24 horas, en rechazo a<\/p>\n","protected":false},"author":6,"featured_media":39473,"comment_status":"closed","ping_status":"closed","sticky":false,"template":"","format":"standard","meta":{"colormag_page_container_layout":"default_layout","colormag_page_sidebar_layout":"default_layout","footnotes":""},"categories":[6828,8,18,10],"tags":[],"class_list":["post-72319","post","type-post","status-publish","format-standard","has-post-thumbnail","hentry","category-mas-destacadas","category-politica","category-provincia","category-sociedad"],"_links":{"self":[{"href":"https:\/\/sectorprensa.com.ar\/index.php?rest_route=\/wp\/v2\/posts\/72319","targetHints":{"allow":["GET"]}}],"collection":[{"href":"https:\/\/sectorprensa.com.ar\/index.php?rest_route=\/wp\/v2\/posts"}],"about":[{"href":"https:\/\/sectorprensa.com.ar\/index.php?rest_route=\/wp\/v2\/types\/post"}],"author":[{"embeddable":true,"href":"https:\/\/sectorprensa.com.ar\/index.php?rest_route=\/wp\/v2\/users\/6"}],"replies":[{"embeddable":true,"href":"https:\/\/sectorprensa.com.ar\/index.php?rest_route=%2Fwp%2Fv2%2Fcomments&post=72319"}],"version-history":[{"count":1,"href":"https:\/\/sectorprensa.com.ar\/index.php?rest_route=\/wp\/v2\/posts\/72319\/revisions"}],"predecessor-version":[{"id":72320,"href":"https:\/\/sectorprensa.com.ar\/index.php?rest_route=\/wp\/v2\/posts\/72319\/revisions\/72320"}],"wp:featuredmedia":[{"embeddable":true,"href":"https:\/\/sectorprensa.com.ar\/index.php?rest_route=\/wp\/v2\/media\/39473"}],"wp:attachment":[{"href":"https:\/\/sectorprensa.com.ar\/index.php?rest_route=%2Fwp%2Fv2%2Fmedia&parent=72319"}],"wp:term":[{"taxonomy":"category","embeddable":true,"href":"https:\/\/sectorprensa.com.ar\/index.php?rest_route=%2Fwp%2Fv2%2Fcategories&post=72319"},{"taxonomy":"post_tag","embeddable":true,"href":"https:\/\/sectorprensa.com.ar\/index.php?rest_route=%2Fwp%2Fv2%2Ftags&post=72319"}],"curies":[{"name":"wp","href":"https:\/\/api.w.org\/{rel}","templated":true}]}}