{"id":72354,"date":"2025-05-07T10:59:42","date_gmt":"2025-05-07T13:59:42","guid":{"rendered":"https:\/\/sectorprensa.com.ar\/?p=72354"},"modified":"2025-05-07T11:00:10","modified_gmt":"2025-05-07T14:00:10","slug":"videos-una-mujer-lucha-por-su-vida-tras-ser-arrastrada-con-su-auto-durante-un-robo-en-ramos-mejia","status":"publish","type":"post","link":"https:\/\/sectorprensa.com.ar\/?p=72354","title":{"rendered":"[Videos] Una mujer lucha por su vida tras ser arrastrada con su auto durante un robo en Ramos Mej\u00eda"},"content":{"rendered":"\n<h6 class=\"wp-block-heading\"><strong>La v\u00edctima se encuentra en coma inducido, con hemorragia cerebral, fracturas y asistencia respiratoria mec\u00e1nica. El delincuente ya fue identificado.<\/strong><\/h6>\n\n\n\n<p>Una mujer se encuentra internada en grave estado tras ser arrastrada m\u00e1s de 100 metros con su auto durante un robo en la localidad de Ramos Mej\u00eda, partido de La Matanza, cuando fue a buscar a un familiar a la escuela.<\/p>\n\n\n\n<p>El estremecedor caso tuvo lugar a la salida del colegio Don Bosco, sobre avenida de Mayo, cruce con la calle Humboldt, cuando Mar\u00eda Laura Mollard, de 46 a\u00f1os, fue a buscar al hijo de una amiga.<\/p>\n\n\n\n<p>La mujer estacion\u00f3 el auto y se baj\u00f3 para recoger al menor, pero en la esquina observ\u00f3 que un delincuente se hab\u00eda subido al rodado, el cual hab\u00eda quedado prendido.<\/p>\n\n\n\n<figure class=\"wp-block-embed is-type-rich is-provider-twitter wp-block-embed-twitter\"><div class=\"wp-block-embed__wrapper\">\n<blockquote class=\"twitter-tweet\" data-width=\"550\" data-dnt=\"true\"><p lang=\"es\" dir=\"ltr\">\ud83d\udea8 SIGUE GRAVE LA MUJER QUE SE COLG\u00d3 DEL AUTO PARA EVITAR QUE SE LO ROBEN: EL ACUSADO SIGUE PR\u00d3FUGO; HALLARON EL VEH\u00cdCULO<br>&#8211; El auto robado a Mar\u00eda Laura fue hallado en Gervasio Pav\u00f3n.<br>&#8211; El delincuente est\u00e1 identificado, pero pr\u00f3fugo. <a href=\"https:\/\/t.co\/r9WlLBE4BP\">pic.twitter.com\/r9WlLBE4BP<\/a><\/p>&mdash; V\u00eda Szeta (@mauroszeta) <a href=\"https:\/\/twitter.com\/mauroszeta\/status\/1920099657478213759?ref_src=twsrc%5Etfw\">May 7, 2025<\/a><\/blockquote><script async src=\"https:\/\/platform.twitter.com\/widgets.js\" charset=\"utf-8\"><\/script>\n<\/div><\/figure>\n\n\n\n<p>Mollard, al observar la situaci\u00f3n, se aferr\u00f3 al rodado para evitar el robo y es all\u00ed cuando fue arrastrada varios metros.<\/p>\n\n\n\n<p>En un comienzo fue trasladada al Hospital Balestrini, pero denuncian que se negaron a atenderla por colapso de pacientes.<\/p>\n\n\n\n<figure class=\"wp-block-embed is-type-rich is-provider-twitter wp-block-embed-twitter\"><div class=\"wp-block-embed__wrapper\">\n<blockquote class=\"twitter-tweet\" data-width=\"550\" data-dnt=\"true\"><p lang=\"es\" dir=\"ltr\">Don Bosco y Av. de Mayo, Ramos Mej\u00eda<br><br>Una mujer de 46 a\u00f1os est\u00e1 en coma inducido, con hemorragia cerebral, fracturas en miembros superiores, y asistencia respiratoria mec\u00e1nica.<br>Le intentaron robar el auto, del que se aferr\u00f3 y los delincuentes la arrastraron dos cuadras.<br>Dicen que\u2026 <a href=\"https:\/\/t.co\/4d9RI0IzkR\">pic.twitter.com\/4d9RI0IzkR<\/a><\/p>&mdash; Hechos y Derecho (@Hechosanderecho) <a href=\"https:\/\/twitter.com\/Hechosanderecho\/status\/1919753967317221653?ref_src=twsrc%5Etfw\">May 6, 2025<\/a><\/blockquote><script async src=\"https:\/\/platform.twitter.com\/widgets.js\" charset=\"utf-8\"><\/script>\n<\/div><\/figure>\n\n\n\n<p>De este modo, fue derivada al Hospital Paroissien donde debieron operarla. Actualmente se encuentra en coma inducido, con hemorragia cerebral, fracturas y asistencia respiratoria mec\u00e1nica.<\/p>\n\n\n\n<p>Todo qued\u00f3 registrado por las c\u00e1maras de seguridad de la zona. El delincuente ya fue identificado: se trata de Gast\u00f3n Rodr\u00edguez (29), quien es intensamente buscado por las autoridades. En la causa interviene la fiscal Alejandra N\u00fa\u00f1ez, de la UFI N\u00ba 8 de La Matanza.<\/p>\n\n\n\n<figure class=\"wp-block-image size-full is-resized\"><img loading=\"lazy\" decoding=\"async\" width=\"799\" height=\"492\" src=\"https:\/\/sectorprensa.com.ar\/wp-content\/uploads\/2025\/05\/Captura-de-pantalla-2025-05-07-105816.png\" alt=\"\" class=\"wp-image-72356\" style=\"width:799px;height:auto\" srcset=\"https:\/\/sectorprensa.com.ar\/wp-content\/uploads\/2025\/05\/Captura-de-pantalla-2025-05-07-105816.png 799w, https:\/\/sectorprensa.com.ar\/wp-content\/uploads\/2025\/05\/Captura-de-pantalla-2025-05-07-105816-300x185.png 300w, https:\/\/sectorprensa.com.ar\/wp-content\/uploads\/2025\/05\/Captura-de-pantalla-2025-05-07-105816-768x473.png 768w\" sizes=\"auto, (max-width: 799px) 100vw, 799px\" \/><figcaption class=\"wp-element-caption\"><strong>Mar\u00eda Laura Mollard lucha por su vida<\/strong><\/figcaption><\/figure>\n\n\n\n<figure class=\"wp-block-embed is-type-wp-embed is-provider-sector-prensa wp-block-embed-sector-prensa\"><div class=\"wp-block-embed__wrapper\">\n<blockquote class=\"wp-embedded-content\" data-secret=\"Jrtwoe9eiI\"><a href=\"https:\/\/sectorprensa.com.ar\/?p=72344\">Hicieron un boquete y vaciaron una joyer\u00eda en Mor\u00f3n<\/a><\/blockquote><iframe loading=\"lazy\" class=\"wp-embedded-content\" sandbox=\"allow-scripts\" security=\"restricted\" style=\"position: absolute; clip: rect(1px, 1px, 1px, 1px);\" title=\"\u00abHicieron un boquete y vaciaron una joyer\u00eda en Mor\u00f3n\u00bb \u2014 Sector Prensa\" src=\"https:\/\/sectorprensa.com.ar\/?p=72344&#038;embed=true#?secret=3k4ykeiTIX#?secret=Jrtwoe9eiI\" data-secret=\"Jrtwoe9eiI\" width=\"600\" height=\"338\" frameborder=\"0\" marginwidth=\"0\" marginheight=\"0\" scrolling=\"no\"><\/iframe>\n<\/div><\/figure>\n","protected":false},"excerpt":{"rendered":"<p>La v\u00edctima se encuentra en coma inducido, con hemorragia cerebral, fracturas y asistencia respiratoria mec\u00e1nica. El delincuente ya fue identificado.<\/p>\n","protected":false},"author":6,"featured_media":72355,"comment_status":"closed","ping_status":"closed","sticky":false,"template":"","format":"standard","meta":{"colormag_page_container_layout":"default_layout","colormag_page_sidebar_layout":"default_layout","footnotes":""},"categories":[6828,12],"tags":[],"class_list":["post-72354","post","type-post","status-publish","format-standard","has-post-thumbnail","hentry","category-mas-destacadas","category-policiales"],"_links":{"self":[{"href":"https:\/\/sectorprensa.com.ar\/index.php?rest_route=\/wp\/v2\/posts\/72354","targetHints":{"allow":["GET"]}}],"collection":[{"href":"https:\/\/sectorprensa.com.ar\/index.php?rest_route=\/wp\/v2\/posts"}],"about":[{"href":"https:\/\/sectorprensa.com.ar\/index.php?rest_route=\/wp\/v2\/types\/post"}],"author":[{"embeddable":true,"href":"https:\/\/sectorprensa.com.ar\/index.php?rest_route=\/wp\/v2\/users\/6"}],"replies":[{"embeddable":true,"href":"https:\/\/sectorprensa.com.ar\/index.php?rest_route=%2Fwp%2Fv2%2Fcomments&post=72354"}],"version-history":[{"count":2,"href":"https:\/\/sectorprensa.com.ar\/index.php?rest_route=\/wp\/v2\/posts\/72354\/revisions"}],"predecessor-version":[{"id":72358,"href":"https:\/\/sectorprensa.com.ar\/index.php?rest_route=\/wp\/v2\/posts\/72354\/revisions\/72358"}],"wp:featuredmedia":[{"embeddable":true,"href":"https:\/\/sectorprensa.com.ar\/index.php?rest_route=\/wp\/v2\/media\/72355"}],"wp:attachment":[{"href":"https:\/\/sectorprensa.com.ar\/index.php?rest_route=%2Fwp%2Fv2%2Fmedia&parent=72354"}],"wp:term":[{"taxonomy":"category","embeddable":true,"href":"https:\/\/sectorprensa.com.ar\/index.php?rest_route=%2Fwp%2Fv2%2Fcategories&post=72354"},{"taxonomy":"post_tag","embeddable":true,"href":"https:\/\/sectorprensa.com.ar\/index.php?rest_route=%2Fwp%2Fv2%2Ftags&post=72354"}],"curies":[{"name":"wp","href":"https:\/\/api.w.org\/{rel}","templated":true}]}}