{"id":72785,"date":"2025-05-26T10:55:05","date_gmt":"2025-05-26T13:55:05","guid":{"rendered":"https:\/\/sectorprensa.com.ar\/?p=72785"},"modified":"2025-05-26T10:55:05","modified_gmt":"2025-05-26T13:55:05","slug":"crimen-de-franco-vera-detuvieron-a-sujeto-acusado-de-vender-drogas-en-el-bunker","status":"publish","type":"post","link":"https:\/\/sectorprensa.com.ar\/?p=72785","title":{"rendered":"Crimen de Franco Vera: detuvieron a sujeto acusado de vender drogas en el b\u00fanker"},"content":{"rendered":"\n<h6 class=\"wp-block-heading\"><strong>Nazareno Grachot Ventresca, uno de los presuntos responsables del b\u00fanker narco vinculado al asesinato de Franco Vera en Mor\u00f3n sur, fue detenido durante un control policial. El crimen, ocurrido en enero, provoc\u00f3 un fuerte impacto en la pol\u00edtica de seguridad local.<\/strong><\/h6>\n\n\n\n<p>Nazareno Grachot Ventresca, de 40 a\u00f1os, fue detenido en un operativo policial en Mor\u00f3n sur. El hombre permanec\u00eda pr\u00f3fugo con una orden de captura vigente y est\u00e1 acusado de ser uno de los responsables del b\u00fanker de drogas ubicado en la calle Santa Catalina 815, que sali\u00f3 a la luz tras el asesinato de Franco Vera el pasado 3 de enero.<\/p>\n\n\n\n<p>La captura se produjo cuando efectivos lo vieron caminando por la esquina de Gobernador Arana y Santa Catalina. Al ser interceptado, intent\u00f3 identificarse con un nombre falso, pero fue reconocido por los agentes. Luego, en la comisar\u00eda, confirmaron su verdadera identidad y qued\u00f3 a disposici\u00f3n de la justicia.<\/p>\n\n\n\n<p>Ventresca fue indagado por el fiscal Ezequiel Lovillo, de la UFI N\u00ba 9 de Mor\u00f3n, en una causa separada del homicidio. Est\u00e1 acusado de comercializaci\u00f3n ilegal de estupefacientes. Por el crimen de Franco Vera, el \u00fanico imputado es Patricio Correa, quien ya fue elevado a juicio por ser el autor de los disparos fatales.<\/p>\n\n\n\n<p>El caso gener\u00f3 un fuerte repudio social y deriv\u00f3 en una serie de operativos. En total, se realizaron once allanamientos simult\u00e1neos, que permitieron detener a seis personas vinculadas a la red de venta de drogas en distintos puntos del barrio.<\/p>\n\n\n\n<p>Entre los acusados ya procesados figuran Ra\u00fal G\u00e1lvez (\u2018Piru\u2019), Tom\u00e1s Ver\u00f3n, Micaela Brizuela (\u2018La Gorda\u2019), Kevin Zamariani y Rodrigo \u2018Coty\u2019 Gato. Con la detenci\u00f3n de Ventresca, se suma un nuevo implicado a la causa que dej\u00f3 al descubierto la presencia narco en el coraz\u00f3n de Mor\u00f3n sur.<\/p>\n\n\n\n<figure class=\"wp-block-embed is-type-wp-embed is-provider-sector-prensa wp-block-embed-sector-prensa\"><div class=\"wp-block-embed__wrapper\">\n<blockquote class=\"wp-embedded-content\" data-secret=\"yzEe6sxZRO\"><a href=\"https:\/\/sectorprensa.com.ar\/?p=69368\">Cay\u00f3 el asesino de Franco Vera en Moreno<\/a><\/blockquote><iframe loading=\"lazy\" class=\"wp-embedded-content\" sandbox=\"allow-scripts\" security=\"restricted\" style=\"position: absolute; clip: rect(1px, 1px, 1px, 1px);\" title=\"\u00abCay\u00f3 el asesino de Franco Vera en Moreno\u00bb \u2014 Sector Prensa\" src=\"https:\/\/sectorprensa.com.ar\/?p=69368&#038;embed=true#?secret=Ve4bxXssK6#?secret=yzEe6sxZRO\" data-secret=\"yzEe6sxZRO\" width=\"600\" height=\"338\" frameborder=\"0\" marginwidth=\"0\" marginheight=\"0\" scrolling=\"no\"><\/iframe>\n<\/div><\/figure>\n","protected":false},"excerpt":{"rendered":"<p>Nazareno Grachot Ventresca, uno de los presuntos responsables del b\u00fanker narco vinculado al asesinato de Franco Vera en Mor\u00f3n sur,<\/p>\n","protected":false},"author":6,"featured_media":72786,"comment_status":"closed","ping_status":"closed","sticky":false,"template":"","format":"standard","meta":{"colormag_page_container_layout":"default_layout","colormag_page_sidebar_layout":"default_layout","footnotes":""},"categories":[17,5,12],"tags":[],"class_list":["post-72785","post","type-post","status-publish","format-standard","has-post-thumbnail","hentry","category-destacadas","category-moron","category-policiales"],"_links":{"self":[{"href":"https:\/\/sectorprensa.com.ar\/index.php?rest_route=\/wp\/v2\/posts\/72785","targetHints":{"allow":["GET"]}}],"collection":[{"href":"https:\/\/sectorprensa.com.ar\/index.php?rest_route=\/wp\/v2\/posts"}],"about":[{"href":"https:\/\/sectorprensa.com.ar\/index.php?rest_route=\/wp\/v2\/types\/post"}],"author":[{"embeddable":true,"href":"https:\/\/sectorprensa.com.ar\/index.php?rest_route=\/wp\/v2\/users\/6"}],"replies":[{"embeddable":true,"href":"https:\/\/sectorprensa.com.ar\/index.php?rest_route=%2Fwp%2Fv2%2Fcomments&post=72785"}],"version-history":[{"count":1,"href":"https:\/\/sectorprensa.com.ar\/index.php?rest_route=\/wp\/v2\/posts\/72785\/revisions"}],"predecessor-version":[{"id":72787,"href":"https:\/\/sectorprensa.com.ar\/index.php?rest_route=\/wp\/v2\/posts\/72785\/revisions\/72787"}],"wp:featuredmedia":[{"embeddable":true,"href":"https:\/\/sectorprensa.com.ar\/index.php?rest_route=\/wp\/v2\/media\/72786"}],"wp:attachment":[{"href":"https:\/\/sectorprensa.com.ar\/index.php?rest_route=%2Fwp%2Fv2%2Fmedia&parent=72785"}],"wp:term":[{"taxonomy":"category","embeddable":true,"href":"https:\/\/sectorprensa.com.ar\/index.php?rest_route=%2Fwp%2Fv2%2Fcategories&post=72785"},{"taxonomy":"post_tag","embeddable":true,"href":"https:\/\/sectorprensa.com.ar\/index.php?rest_route=%2Fwp%2Fv2%2Ftags&post=72785"}],"curies":[{"name":"wp","href":"https:\/\/api.w.org\/{rel}","templated":true}]}}