{"id":72797,"date":"2025-05-25T22:05:27","date_gmt":"2025-05-26T01:05:27","guid":{"rendered":"https:\/\/sectorprensa.com.ar\/?p=72797"},"modified":"2025-05-25T22:05:28","modified_gmt":"2025-05-26T01:05:28","slug":"critiquemos-por-otras-cosas-pero-no-hablemos-pelotudeces","status":"publish","type":"post","link":"https:\/\/sectorprensa.com.ar\/?p=72797","title":{"rendered":"\u201cCritiquemos por otras cosas, pero no hablemos pelotudeces\u201d"},"content":{"rendered":"\n<h6 class=\"wp-block-heading\"><strong>Cristina Fern\u00e1ndez de Kirchner dej\u00f3 un mensaje a los periodistas y referentes de la oposici\u00f3n, quienes vincularon las nuevas medidas econ\u00f3micas del gobierno al narcotr\u00e1fico. \u201cSi salimos a decir que con 50 palos lavan guita al narco, despu\u00e9s nos llenan la pantalla con Rosario, Nordelta\u201d, dijo.<\/strong><\/h6>\n\n\n\n<p>La ex Presidenta Cristina Fern\u00e1ndez de Kirchner particip\u00f3 del Encuentro de la Cultura Popular por el 25 de mayo, haciendo su reaparici\u00f3n p\u00fablica luego de un tiempo. All\u00ed pidi\u00f3 que \u201ccritiquemos por otras cosas\u201d, luego de que periodistas y referentes de la oposici\u00f3n vincularan la nueva medida econ\u00f3mica del gobierno, nuevo esquema de desregulaci\u00f3n y uso libre de efectivo, con el narcotr\u00e1fico.<\/p>\n\n\n\n<p>\u201cCritiquemos por otras cosas, pero no hablemos pelotudeces. Hablan de 50 millones de pesos por mes&#8230;muchachos, \u00bfnarcotr\u00e1fico con eso? Por favor\u201d, dispar\u00f3 la titular del Partido Justicialista Nacional.<\/p>\n\n\n\n<p>\u201cSi salimos por la tele a decir que con 50 palos van a lavar guita del narco, despu\u00e9s nos llenan las pantallas con Nordelta, Puerto Madero, Rosario&#8230;d\u00e9jenme de joder\u201d, agreg\u00f3 desde Retiro.<\/p>\n\n\n\n<p>Con respecto al plan de dolarizaci\u00f3n ironiz\u00f3, \u201c\u00bfqui\u00e9n te va a dar d\u00f3lares en un supermercado?\u201d. En ese sentido, plante\u00f3 que la persona que tiene sus d\u00f3lares ahorrados \u201clos liquida a cuentagotas\u201d, mientras que quienes tienen m\u00e1s \u201ctampoco va a salir a gastarlos\u201d.<\/p>\n\n\n\n<p>Por otra parte, record\u00f3 el proyecto fallido de la planta de GNL en Bah\u00eda Blanca: \u201cTen\u00edamos el proyecto listo, con infraestructura, temperatura de agua favorable y todo. Pero Petronas se fue. Y ahora el desarrollo lo hacen afuera\u201d, lament\u00f3.<\/p>\n\n\n\n<p>Finalizado el evento, la ex mandataria enumer\u00f3 en redes sociales las acciones culturales de sus mandatos: \u201cAc\u00e1 me hicieron una lista de todas las cosas que hicimos nosotros en materia de cultura y me pusieron el INCAA y las 900 pel\u00edculas, Canal Encuentro, Paka Paka, el PBI cultural que represent\u00f3 m\u00e1s que la miner\u00eda y la pesca, 200 mil puestos de trabajos directos e indirectos, Tecn\u00f3polis, el CCK\u2026 \u00bfSe dieron cuenta que ellos no construyeron NADA? Ni una puta escuela ni un puto monumento, nada. Su \u00fanica obra es cambiar el nombre a lo que otros hicieron. Qu\u00e9 mediocres\u201d, indic\u00f3.<\/p>\n\n\n\n<figure class=\"wp-block-embed is-type-wp-embed is-provider-sector-prensa wp-block-embed-sector-prensa\"><div class=\"wp-block-embed__wrapper\">\n<blockquote class=\"wp-embedded-content\" data-secret=\"SXZco8M4iH\"><a href=\"https:\/\/sectorprensa.com.ar\/?p=72782\">\u201cLos jubilados merecen una vida digna, con acceso a remedios y alimentos\u201d<\/a><\/blockquote><iframe loading=\"lazy\" class=\"wp-embedded-content\" sandbox=\"allow-scripts\" security=\"restricted\" style=\"position: absolute; clip: rect(1px, 1px, 1px, 1px);\" title=\"\u00ab\u201cLos jubilados merecen una vida digna, con acceso a remedios y alimentos\u201d\u00bb \u2014 Sector Prensa\" src=\"https:\/\/sectorprensa.com.ar\/?p=72782&#038;embed=true#?secret=vyh9RSYcgt#?secret=SXZco8M4iH\" data-secret=\"SXZco8M4iH\" width=\"600\" height=\"338\" frameborder=\"0\" marginwidth=\"0\" marginheight=\"0\" scrolling=\"no\"><\/iframe>\n<\/div><\/figure>\n","protected":false},"excerpt":{"rendered":"<p>Cristina Fern\u00e1ndez de Kirchner dej\u00f3 un mensaje a los periodistas y referentes de la oposici\u00f3n, quienes vincularon las nuevas medidas<\/p>\n","protected":false},"author":6,"featured_media":72798,"comment_status":"closed","ping_status":"closed","sticky":false,"template":"","format":"standard","meta":{"colormag_page_container_layout":"default_layout","colormag_page_sidebar_layout":"default_layout","footnotes":""},"categories":[17,8],"tags":[],"class_list":["post-72797","post","type-post","status-publish","format-standard","has-post-thumbnail","hentry","category-destacadas","category-politica"],"_links":{"self":[{"href":"https:\/\/sectorprensa.com.ar\/index.php?rest_route=\/wp\/v2\/posts\/72797","targetHints":{"allow":["GET"]}}],"collection":[{"href":"https:\/\/sectorprensa.com.ar\/index.php?rest_route=\/wp\/v2\/posts"}],"about":[{"href":"https:\/\/sectorprensa.com.ar\/index.php?rest_route=\/wp\/v2\/types\/post"}],"author":[{"embeddable":true,"href":"https:\/\/sectorprensa.com.ar\/index.php?rest_route=\/wp\/v2\/users\/6"}],"replies":[{"embeddable":true,"href":"https:\/\/sectorprensa.com.ar\/index.php?rest_route=%2Fwp%2Fv2%2Fcomments&post=72797"}],"version-history":[{"count":1,"href":"https:\/\/sectorprensa.com.ar\/index.php?rest_route=\/wp\/v2\/posts\/72797\/revisions"}],"predecessor-version":[{"id":72799,"href":"https:\/\/sectorprensa.com.ar\/index.php?rest_route=\/wp\/v2\/posts\/72797\/revisions\/72799"}],"wp:featuredmedia":[{"embeddable":true,"href":"https:\/\/sectorprensa.com.ar\/index.php?rest_route=\/wp\/v2\/media\/72798"}],"wp:attachment":[{"href":"https:\/\/sectorprensa.com.ar\/index.php?rest_route=%2Fwp%2Fv2%2Fmedia&parent=72797"}],"wp:term":[{"taxonomy":"category","embeddable":true,"href":"https:\/\/sectorprensa.com.ar\/index.php?rest_route=%2Fwp%2Fv2%2Fcategories&post=72797"},{"taxonomy":"post_tag","embeddable":true,"href":"https:\/\/sectorprensa.com.ar\/index.php?rest_route=%2Fwp%2Fv2%2Ftags&post=72797"}],"curies":[{"name":"wp","href":"https:\/\/api.w.org\/{rel}","templated":true}]}}