{"id":72809,"date":"2025-05-27T08:43:24","date_gmt":"2025-05-27T11:43:24","guid":{"rendered":"https:\/\/sectorprensa.com.ar\/?p=72809"},"modified":"2025-05-27T08:43:24","modified_gmt":"2025-05-27T11:43:24","slug":"merlo-realizo-su-primer-campus-de-taekwondo-con-gran-participacion-y-una-clase-de-miguel-francolini","status":"publish","type":"post","link":"https:\/\/sectorprensa.com.ar\/?p=72809","title":{"rendered":"Merlo realiz\u00f3 su primer campus de taekwondo con gran participaci\u00f3n y una clase de Miguel Francolini"},"content":{"rendered":"\n<h6 class=\"wp-block-heading\"><strong>Cientos de alumnos de distintas academias locales participaron del evento en el CEF N\u00b0 196 de San Antonio de Padua. El objetivo fue reforzar el aprendizaje t\u00e9cnico y promover el intercambio entre instituciones. El ex entrenador de la Selecci\u00f3n Nacional, Miguel Francolini, destac\u00f3 la iniciativa del Municipio y brind\u00f3 una clase magistral.<\/strong><\/h6>\n\n\n\n<p>Cientos de taekwondistas de Merlo formaron parte del primer campus de esta disciplina, que reuni\u00f3 a varias academias locales, con la participaci\u00f3n del ex entrenador de la Selecci\u00f3n Nacional Miguel Francolini.<\/p>\n\n\n\n<p>La jornada se realiz\u00f3 en el CEF N\u00b0 196 de San Antonio de Padua, con el objetivo de fortalecer el aprendizaje t\u00e9cnico de los alumnos y generar un espacio de intercambio entre las instituciones participantes.<\/p>\n\n\n\n<p>\u201cQuienes formamos parte del deporte en Merlo buscamos estas estrategias para que los chicos contin\u00faen con su aprendizaje, entablar lazos y generar oportunidades\u201d, sostuvo el Subsecretario de Deportes, Mauro Schmahl.<\/p>\n\n\n\n<p>El ex entrenador de la Selecci\u00f3n Nacional Miguel Francolini brind\u00f3 una clase especial durante el encuentro y al respecto expres\u00f3: \u201cEstas jornadas son la forma de generar bases para que el Taekwondo crezca. Vi mucho entusiasmo en los chicos y que disfrutaron de la actividad\u201c.<\/p>\n\n\n\n<p>En este sentido, el deportista destac\u00f3 la labor del Gobierno Municipal en materia deportiva: \u201cQue el Municipio de Merlo se preocupe de que los chicos practiquen y tengan acceso al deporte, me parece muy bien y es lo que debe hacerse\u201d.<\/p>\n\n\n\n<figure class=\"wp-block-embed is-type-wp-embed is-provider-sector-prensa wp-block-embed-sector-prensa\"><div class=\"wp-block-embed__wrapper\">\n<blockquote class=\"wp-embedded-content\" data-secret=\"LkDGo37Nit\"><a href=\"https:\/\/sectorprensa.com.ar\/?p=72803\">Gran convocatoria en la Feria de Emprendedoras de Merlo<\/a><\/blockquote><iframe loading=\"lazy\" class=\"wp-embedded-content\" sandbox=\"allow-scripts\" security=\"restricted\" style=\"position: absolute; clip: rect(1px, 1px, 1px, 1px);\" title=\"\u00abGran convocatoria en la Feria de Emprendedoras de Merlo\u00bb \u2014 Sector Prensa\" src=\"https:\/\/sectorprensa.com.ar\/?p=72803&#038;embed=true#?secret=1jhKyyD6ab#?secret=LkDGo37Nit\" data-secret=\"LkDGo37Nit\" width=\"600\" height=\"338\" frameborder=\"0\" marginwidth=\"0\" marginheight=\"0\" scrolling=\"no\"><\/iframe>\n<\/div><\/figure>\n","protected":false},"excerpt":{"rendered":"<p>Cientos de alumnos de distintas academias locales participaron del evento en el CEF N\u00b0 196 de San Antonio de Padua.<\/p>\n","protected":false},"author":6,"featured_media":72810,"comment_status":"closed","ping_status":"closed","sticky":false,"template":"","format":"standard","meta":{"colormag_page_container_layout":"default_layout","colormag_page_sidebar_layout":"default_layout","footnotes":""},"categories":[11,17,7,1173,10],"tags":[],"class_list":["post-72809","post","type-post","status-publish","format-standard","has-post-thumbnail","hentry","category-deportes","category-destacadas","category-merlo","category-municipales","category-sociedad"],"_links":{"self":[{"href":"https:\/\/sectorprensa.com.ar\/index.php?rest_route=\/wp\/v2\/posts\/72809","targetHints":{"allow":["GET"]}}],"collection":[{"href":"https:\/\/sectorprensa.com.ar\/index.php?rest_route=\/wp\/v2\/posts"}],"about":[{"href":"https:\/\/sectorprensa.com.ar\/index.php?rest_route=\/wp\/v2\/types\/post"}],"author":[{"embeddable":true,"href":"https:\/\/sectorprensa.com.ar\/index.php?rest_route=\/wp\/v2\/users\/6"}],"replies":[{"embeddable":true,"href":"https:\/\/sectorprensa.com.ar\/index.php?rest_route=%2Fwp%2Fv2%2Fcomments&post=72809"}],"version-history":[{"count":1,"href":"https:\/\/sectorprensa.com.ar\/index.php?rest_route=\/wp\/v2\/posts\/72809\/revisions"}],"predecessor-version":[{"id":72811,"href":"https:\/\/sectorprensa.com.ar\/index.php?rest_route=\/wp\/v2\/posts\/72809\/revisions\/72811"}],"wp:featuredmedia":[{"embeddable":true,"href":"https:\/\/sectorprensa.com.ar\/index.php?rest_route=\/wp\/v2\/media\/72810"}],"wp:attachment":[{"href":"https:\/\/sectorprensa.com.ar\/index.php?rest_route=%2Fwp%2Fv2%2Fmedia&parent=72809"}],"wp:term":[{"taxonomy":"category","embeddable":true,"href":"https:\/\/sectorprensa.com.ar\/index.php?rest_route=%2Fwp%2Fv2%2Fcategories&post=72809"},{"taxonomy":"post_tag","embeddable":true,"href":"https:\/\/sectorprensa.com.ar\/index.php?rest_route=%2Fwp%2Fv2%2Ftags&post=72809"}],"curies":[{"name":"wp","href":"https:\/\/api.w.org\/{rel}","templated":true}]}}