{"id":72848,"date":"2025-05-28T00:08:19","date_gmt":"2025-05-28T03:08:19","guid":{"rendered":"https:\/\/sectorprensa.com.ar\/?p=72848"},"modified":"2025-05-28T00:08:20","modified_gmt":"2025-05-28T03:08:20","slug":"trabajadores-del-conicet-marcharan-por-los-ataques-del-gobierno-y-sus-politicas","status":"publish","type":"post","link":"https:\/\/sectorprensa.com.ar\/?p=72848","title":{"rendered":"Trabajadores del CONICET marchar\u00e1n por los ataques del gobierno y sus pol\u00edticas"},"content":{"rendered":"\n<h6 class=\"wp-block-heading\"><strong>El Secretario Adjunto de ATE CONICET, Gonzalo Cerbino, brind\u00f3 detalles de la jornada. Adem\u00e1s, se refiri\u00f3 a la poca inversi\u00f3n en ciencia y tecnolog\u00eda que hay en Argentina.<\/strong><\/h6>\n\n\n\n<p>Este mi\u00e9rcoles desde las 13hs en el Polo Cient\u00edfico de Buenos Aires, en Palermo, trabajadores del CONICET llevar\u00e1n adelante una marcha bajo el lema de \u201cnadie se salva solo\u201d. La misma, se realiza con motivo de los ataques recibidos en el sector por parte del gobierno y las pol\u00edticas que ocasionaron la p\u00e9rdida de miles de puestos de trabajo. Gonzalo Cerbino, Secretario Adjunto de ATE CONICET, sostuvo que \u201chay un proceso de vaciamiento desde la asunci\u00f3n de Javier Milei\u201d y manifest\u00f3 que \u201cse perdieron m\u00e1s de 1.500 puestos de trabajo\u201d. Adem\u00e1s, remarc\u00f3 que \u201clos salarios perdieron el 33,8% del poder adquisitivo\u201d. Otro de los temas fue la falta de inversi\u00f3n en ciencia y tecnolog\u00eda, se\u00f1al\u00f3 que en el exterior \u201cinvierten m\u00e1s que la Argentina en la \u00faltima d\u00e9cada\u201d.<\/p>\n\n\n\n<p>\u201cMa\u00f1ana (por este mi\u00e9rcoles) estamos convocando, tambi\u00e9n va a haber actividades el jueves en C\u00f3rdoba, pero el grueso de la movilizaci\u00f3n va a ser el mi\u00e9rcoles, en m\u00e1s de 14 ciudades, bajo la consigna &#8216;nadie se salva solo&#8217;. Vamos a estar desde las 13hs en el Polo Cient\u00edfico de Buenos Aires, en Palermo. Nos vamos a movilizar por los ataques que, como en el caso de Dar\u00edn, son ret\u00f3ricos, porque el gobierno insiste en que los trabajadores del CONICET somos \u00f1oquis. Adem\u00e1s de lo ret\u00f3rico, hay un ataque muy concreto y un proceso de vaciamiento en marcha desde la asunci\u00f3n de Javier Milei, y eso se manifiesta en una serie de indicadores. De diciembre de 2023 a marzo de 2025, el CONICET perdi\u00f3 m\u00e1s de 1.500 puestos de trabajo, producto de est\u00e1s pol\u00edticas de vaciamiento. El cierre de la carrera de investigador cient\u00edfico, personal de apoyo, el recorte de becas, los despidos, falta de financiamiento y la ca\u00edda salarial, se manifiesta en el fen\u00f3meno de las renuncias\u201d, dijo en Radio B\u00fanker 94.9, en el programa \u201cEl Tanke de B\u00fanker\u201d.<\/p>\n\n\n\n<p>\u201cLos salarios perdieron 33,8% del poder adquisitivo, desde que asumi\u00f3 Javier Milei. Muchos trabajadores del CONICET est\u00e1n por debajo de lo que se necesita para vivir, otros por debajo de la l\u00ednea de la pobreza. Esto se ve en las renuncias, en 2024 aumentaron un 33% en relaci\u00f3n al a\u00f1o anterior\u201d, detall\u00f3 sobre la situaci\u00f3n actual de los trabajadores del CONICET.<\/p>\n\n\n\n<p>La comparaci\u00f3n entre la inversi\u00f3n argentina y la del exterior en la ciencia: \u201cHay much\u00edsima demanda para estos recursos que la Argentina expulsa, pero que en el mundo son bien recibidos. Y no precisamente por empresas privadas, porque ning\u00fan pa\u00eds medianamente desarrollado prescinde de la inversi\u00f3n en ciencia y tecnolog\u00eda, incluso invierten m\u00e1s que Argentina en la \u00faltima d\u00e9cada\u201d, destac\u00f3 Cerbino.<\/p>\n\n\n\n<p>La importancia de invertir en ciencia y tecnolog\u00eda: \u201cLa investigaci\u00f3n cient\u00edfica implica muchos a\u00f1os de prueba y error, de desarrollos y resultados, a veces inciertos; pero que a larga te termina salvando la vida. Lo que demostraron las vacunas contra el Covid. Fueron desarrolladas en tiempo r\u00e9cord, con inversiones p\u00fablicas y privadas, pero que no hubiesen sido posible sin 20 a\u00f1os de inversi\u00f3n estatal\u201d, remarc\u00f3.<\/p>\n\n\n\n<figure class=\"wp-block-embed is-type-wp-embed is-provider-sector-prensa wp-block-embed-sector-prensa\"><div class=\"wp-block-embed__wrapper\">\n<blockquote class=\"wp-embedded-content\" data-secret=\"tE24vs08i2\"><a href=\"https:\/\/sectorprensa.com.ar\/?p=72823\">El 64% de la poblaci\u00f3n ve al gobierno de Milei cada vez m\u00e1s autoritario<\/a><\/blockquote><iframe loading=\"lazy\" class=\"wp-embedded-content\" sandbox=\"allow-scripts\" security=\"restricted\" style=\"position: absolute; clip: rect(1px, 1px, 1px, 1px);\" title=\"\u00abEl 64% de la poblaci\u00f3n ve al gobierno de Milei cada vez m\u00e1s autoritario\u00bb \u2014 Sector Prensa\" src=\"https:\/\/sectorprensa.com.ar\/?p=72823&#038;embed=true#?secret=Gc0ukcBK8s#?secret=tE24vs08i2\" data-secret=\"tE24vs08i2\" width=\"600\" height=\"338\" frameborder=\"0\" marginwidth=\"0\" marginheight=\"0\" scrolling=\"no\"><\/iframe>\n<\/div><\/figure>\n","protected":false},"excerpt":{"rendered":"<p>El Secretario Adjunto de ATE CONICET, Gonzalo Cerbino, brind\u00f3 detalles de la jornada. Adem\u00e1s, se refiri\u00f3 a la poca inversi\u00f3n<\/p>\n","protected":false},"author":6,"featured_media":72849,"comment_status":"closed","ping_status":"closed","sticky":false,"template":"","format":"standard","meta":{"colormag_page_container_layout":"default_layout","colormag_page_sidebar_layout":"default_layout","footnotes":""},"categories":[17,8],"tags":[],"class_list":["post-72848","post","type-post","status-publish","format-standard","has-post-thumbnail","hentry","category-destacadas","category-politica"],"_links":{"self":[{"href":"https:\/\/sectorprensa.com.ar\/index.php?rest_route=\/wp\/v2\/posts\/72848","targetHints":{"allow":["GET"]}}],"collection":[{"href":"https:\/\/sectorprensa.com.ar\/index.php?rest_route=\/wp\/v2\/posts"}],"about":[{"href":"https:\/\/sectorprensa.com.ar\/index.php?rest_route=\/wp\/v2\/types\/post"}],"author":[{"embeddable":true,"href":"https:\/\/sectorprensa.com.ar\/index.php?rest_route=\/wp\/v2\/users\/6"}],"replies":[{"embeddable":true,"href":"https:\/\/sectorprensa.com.ar\/index.php?rest_route=%2Fwp%2Fv2%2Fcomments&post=72848"}],"version-history":[{"count":1,"href":"https:\/\/sectorprensa.com.ar\/index.php?rest_route=\/wp\/v2\/posts\/72848\/revisions"}],"predecessor-version":[{"id":72850,"href":"https:\/\/sectorprensa.com.ar\/index.php?rest_route=\/wp\/v2\/posts\/72848\/revisions\/72850"}],"wp:featuredmedia":[{"embeddable":true,"href":"https:\/\/sectorprensa.com.ar\/index.php?rest_route=\/wp\/v2\/media\/72849"}],"wp:attachment":[{"href":"https:\/\/sectorprensa.com.ar\/index.php?rest_route=%2Fwp%2Fv2%2Fmedia&parent=72848"}],"wp:term":[{"taxonomy":"category","embeddable":true,"href":"https:\/\/sectorprensa.com.ar\/index.php?rest_route=%2Fwp%2Fv2%2Fcategories&post=72848"},{"taxonomy":"post_tag","embeddable":true,"href":"https:\/\/sectorprensa.com.ar\/index.php?rest_route=%2Fwp%2Fv2%2Ftags&post=72848"}],"curies":[{"name":"wp","href":"https:\/\/api.w.org\/{rel}","templated":true}]}}