{"id":72856,"date":"2025-05-29T10:10:55","date_gmt":"2025-05-29T13:10:55","guid":{"rendered":"https:\/\/sectorprensa.com.ar\/?p=72856"},"modified":"2025-05-29T10:10:56","modified_gmt":"2025-05-29T13:10:56","slug":"video-mas-familias-de-merlo-mas-cerca-de-tener-su-casa-propia","status":"publish","type":"post","link":"https:\/\/sectorprensa.com.ar\/?p=72856","title":{"rendered":"[Video] M\u00e1s familias de Merlo m\u00e1s cerca de tener su casa propia"},"content":{"rendered":"\n<h6 class=\"wp-block-heading\"><strong>290 vecinos firmaron sus escrituras en un acto encabezado por el intendente Gustavo Men\u00e9ndez. El Municipio y la Provincia de Buenos Aires impulsan el acceso a la vivienda con seguridad jur\u00eddica.<\/strong><\/h6>\n\n\n\n<p>En el Centro de Arte y Exposiciones \u201cLa Usina\u201d, de la localidad de Libertad, 290 vecinos de Merlo firmaron sus escrituras, un paso fundamental para obtener la titularidad de sus viviendas. El acto cont\u00f3 con la presencia del intendente Gustavo Men\u00e9ndez y funcionarios locales.<\/p>\n\n\n\n<p>Este avance se enmarca en un programa de regularizaci\u00f3n dominial que impulsa el Municipio de Merlo en articulaci\u00f3n con el Gobierno de la Provincia de Buenos Aires. La iniciativa est\u00e1 orientada a que m\u00e1s familias accedan a sus t\u00edtulos de propiedad sin necesidad de contratar un escribano privado.<\/p>\n\n\n\n<figure class=\"wp-block-embed is-type-rich is-provider-twitter wp-block-embed-twitter\"><div class=\"wp-block-embed__wrapper\">\n<blockquote class=\"twitter-tweet\" data-width=\"550\" data-dnt=\"true\"><p lang=\"es\" dir=\"ltr\">Hoy fue un d\u00eda muy especial para 290 familias de Merlo que firmaron la escritura de su vivienda en la Usina del Arte de Libertad. Ni la lluvia opac\u00f3 la emoci\u00f3n de este paso tan importante.<br><br>Cada firma representa a\u00f1os de esfuerzo, de historia y de lucha vividos. Algunas familias\u2026 <a href=\"https:\/\/t.co\/8tAhVyEcpJ\">pic.twitter.com\/8tAhVyEcpJ<\/a><\/p>&mdash; Gustavo Men\u00e9ndez (@gustavomenendez) <a href=\"https:\/\/twitter.com\/gustavomenendez\/status\/1927490744354328631?ref_src=twsrc%5Etfw\">May 27, 2025<\/a><\/blockquote><script async src=\"https:\/\/platform.twitter.com\/widgets.js\" charset=\"utf-8\"><\/script>\n<\/div><\/figure>\n\n\n\n<p>\u201cFelicitaciones a todas las familias que hoy quedaron a un solo pasito de tener la titularidad de dominio de sus casas\u201d, expres\u00f3 Men\u00e9ndez durante el encuentro. Adem\u00e1s, destac\u00f3 el trabajo conjunto para garantizar el derecho a la vivienda y brindar seguridad jur\u00eddica.<\/p>\n\n\n\n<p>El programa no solo representa un alivio econ\u00f3mico para los beneficiarios, sino tambi\u00e9n una oportunidad para formalizar su situaci\u00f3n habitacional y acceder a nuevos derechos como propietarios legales.<\/p>\n\n\n\n<p>El jefe comunal tambi\u00e9n agradeci\u00f3 el respaldo del gobernador Axel Kicillof y de distintos funcionarios provinciales, como Juan Mart\u00edn Mena y Silvina Batakis, as\u00ed como a los equipos municipales que hicieron posible esta jornada.<\/p>\n\n\n\n<figure class=\"wp-block-embed is-type-wp-embed is-provider-sector-prensa wp-block-embed-sector-prensa\"><div class=\"wp-block-embed__wrapper\">\n<blockquote class=\"wp-embedded-content\" data-secret=\"BH9Ok76JMd\"><a href=\"https:\/\/sectorprensa.com.ar\/?p=72834\">Padua se prepara para su Fiesta Patronal con m\u00fasica, solidaridad y esp\u00edritu comunitario<\/a><\/blockquote><iframe loading=\"lazy\" class=\"wp-embedded-content\" sandbox=\"allow-scripts\" security=\"restricted\" style=\"position: absolute; clip: rect(1px, 1px, 1px, 1px);\" title=\"\u00abPadua se prepara para su Fiesta Patronal con m\u00fasica, solidaridad y esp\u00edritu comunitario\u00bb \u2014 Sector Prensa\" src=\"https:\/\/sectorprensa.com.ar\/?p=72834&#038;embed=true#?secret=gdvknRUF6C#?secret=BH9Ok76JMd\" data-secret=\"BH9Ok76JMd\" width=\"600\" height=\"338\" frameborder=\"0\" marginwidth=\"0\" marginheight=\"0\" scrolling=\"no\"><\/iframe>\n<\/div><\/figure>\n","protected":false},"excerpt":{"rendered":"<p>290 vecinos firmaron sus escrituras en un acto encabezado por el intendente Gustavo Men\u00e9ndez. El Municipio y la Provincia de<\/p>\n","protected":false},"author":6,"featured_media":72857,"comment_status":"closed","ping_status":"closed","sticky":false,"template":"","format":"standard","meta":{"colormag_page_container_layout":"default_layout","colormag_page_sidebar_layout":"default_layout","footnotes":""},"categories":[6828,7,1173,8,10],"tags":[],"class_list":["post-72856","post","type-post","status-publish","format-standard","has-post-thumbnail","hentry","category-mas-destacadas","category-merlo","category-municipales","category-politica","category-sociedad"],"_links":{"self":[{"href":"https:\/\/sectorprensa.com.ar\/index.php?rest_route=\/wp\/v2\/posts\/72856","targetHints":{"allow":["GET"]}}],"collection":[{"href":"https:\/\/sectorprensa.com.ar\/index.php?rest_route=\/wp\/v2\/posts"}],"about":[{"href":"https:\/\/sectorprensa.com.ar\/index.php?rest_route=\/wp\/v2\/types\/post"}],"author":[{"embeddable":true,"href":"https:\/\/sectorprensa.com.ar\/index.php?rest_route=\/wp\/v2\/users\/6"}],"replies":[{"embeddable":true,"href":"https:\/\/sectorprensa.com.ar\/index.php?rest_route=%2Fwp%2Fv2%2Fcomments&post=72856"}],"version-history":[{"count":1,"href":"https:\/\/sectorprensa.com.ar\/index.php?rest_route=\/wp\/v2\/posts\/72856\/revisions"}],"predecessor-version":[{"id":72858,"href":"https:\/\/sectorprensa.com.ar\/index.php?rest_route=\/wp\/v2\/posts\/72856\/revisions\/72858"}],"wp:featuredmedia":[{"embeddable":true,"href":"https:\/\/sectorprensa.com.ar\/index.php?rest_route=\/wp\/v2\/media\/72857"}],"wp:attachment":[{"href":"https:\/\/sectorprensa.com.ar\/index.php?rest_route=%2Fwp%2Fv2%2Fmedia&parent=72856"}],"wp:term":[{"taxonomy":"category","embeddable":true,"href":"https:\/\/sectorprensa.com.ar\/index.php?rest_route=%2Fwp%2Fv2%2Fcategories&post=72856"},{"taxonomy":"post_tag","embeddable":true,"href":"https:\/\/sectorprensa.com.ar\/index.php?rest_route=%2Fwp%2Fv2%2Ftags&post=72856"}],"curies":[{"name":"wp","href":"https:\/\/api.w.org\/{rel}","templated":true}]}}