{"id":72862,"date":"2025-05-29T10:11:07","date_gmt":"2025-05-29T13:11:07","guid":{"rendered":"https:\/\/sectorprensa.com.ar\/?p=72862"},"modified":"2025-05-29T10:11:08","modified_gmt":"2025-05-29T13:11:08","slug":"andres-larroque-el-peronismo-tiene-que-volver-a-mirar-a-la-gente-y-axel-vino-a-oxigenar-la-politica","status":"publish","type":"post","link":"https:\/\/sectorprensa.com.ar\/?p=72862","title":{"rendered":"Andr\u00e9s Larroque: \u201cEl peronismo tiene que volver a mirar a la gente\u201d y \u201cAxel vino a oxigenar la pol\u00edtica\u201d"},"content":{"rendered":"\n<h6 class=\"wp-block-heading\"><strong>En medio de la crisis social y econ\u00f3mica que atraviesa el pa\u00eds, el ministro de Desarrollo de la Comunidad bonaerense, Andr\u00e9s Larroque, destac\u00f3 la figura del gobernador Axel Kicillof y llam\u00f3 a una renovaci\u00f3n dentro del peronismo. En di\u00e1logo con AM 1270, cuestion\u00f3 las pol\u00edticas de ajuste del gobierno nacional y pidi\u00f3 que la dirigencia recupere el v\u00ednculo con la sociedad.<\/strong><\/h6>\n\n\n\n<p>El ministro de Desarrollo de la Comunidad bonaerense, Andr\u00e9s Larroque, analiz\u00f3 la situaci\u00f3n actual de la provincia de Buenos Aires ante la falta de apoyo de la Naci\u00f3n.<\/p>\n\n\n\n<p>El funcionario, en di\u00e1logo con la AM 1270, sostuvo que \u201ctenemos un gran Gobernador, de mucha sensibilidad y mucha capacidad y experiencia de gesti\u00f3n. En estos casos lo que se hace es establecer prioridades y Axel eso siempre lo tuvo claro. En la primera reuni\u00f3n de gabinete entramos casi en una econom\u00eda de guerra para empezar a atender los problemas de los bonaerenses. Hay un esfuerzo presupuestario que es heroico. No hay que olvidar que encontramos una provincia arrasada, con gente que no sab\u00eda si iba a cobrar en t\u00e9rmino\u201d.<\/p>\n\n\n\n<p>En ese marco record\u00f3 que desde el inicio del gobierno Kicillof plante\u00f3 un paquete social muy fuerte, en medio de la pandemia, y duplic\u00f3 el n\u00famero de beneficiarios y la inversi\u00f3n. \u201cCreo el programa Mesa, M\u00f3dulo Extraordinario para la Seguridad Alimentaria que hoy garantiza la alimentaci\u00f3n de 2 millones 72 mil chicos y chicas en la provincia\u201d.<\/p>\n\n\n\n<p>Tambi\u00e9n habl\u00f3 de la pobreza en la Argentina y el impacto que tiene en el territorio bonaerense. Dijo que \u201cte asfixian, pero aplican una pol\u00edtica de ajuste que tambi\u00e9n golpea la recaudaci\u00f3n con lo cual los estados provinciales y municipales tambi\u00e9n lo sufren\u201d.<\/p>\n\n\n\n<p>Adem\u00e1s, Larroque se\u00f1al\u00f3 que \u201cya hay cerca de 400 mil nuevos desocupados con este gobierno y eso se ve en los comedores comunitarios, sobre todo en los del interior, donde aument\u00f3 dr\u00e1sticamente el pedido de alimentos. Adem\u00e1s, se ve gente en situaci\u00f3n de calle que antes eso en el interior no exist\u00eda. En el Conurbano esto es m\u00e1s habitual y estamos m\u00e1s habituados a enfrentarlo. Tambi\u00e9n sorprende la aparici\u00f3n del var\u00f3n adulto en el comedor y del adulto mayor\u201d.<\/p>\n\n\n\n<p>Consultado sobre el plenario del Movimiento Derecho al Futuro que encabezar\u00e1 Kicillof este s\u00e1bado en Los Hornos, el ministro manifest\u00f3 que \u201ctienen que ver con la consolidaci\u00f3n de un espacio pol\u00edtico que lidera Axel y que ya excede los l\u00edmites de nuestra provincia. El s\u00e1bado vamos a formalizar el lugar de encuentro, de di\u00e1logo y de discusi\u00f3n donde van a tener lugar y poder estar todas aquellas personas, intendentes, organizaciones sociales y sindicales que quieren estar con Axel\u201d.<\/p>\n\n\n\n<p>Respecto del desdoblamiento de las elecciones, Larroque expres\u00f3 que \u201ctenemos que mirar para adelante. Fue una decisi\u00f3n estrat\u00e9gica del Gobernador que tuvo en cuenta el pedido de muchos intendentes cuando Milei cambio el sistema electoral. Estamos en medio de una crisis muy profunda, la gente est\u00e1 reclamando ideas novedosas. Tenemos que asumir que la gesti\u00f3n anterior a Milei fue un desastre y no podemos vivir en clave de asamblea permanente, sino que hay que pensar en nuevos proyectos y en nuevos dirigentes que oxigenen la pol\u00edtica. Axel vino a oxigenar la pol\u00edtica\u201d.<\/p>\n\n\n\n<p>\u201cEstamos frente a una devastaci\u00f3n pol\u00edtica -insisti\u00f3- si lleg\u00f3 a la Casa Rosada una persona con una motosierra es porque estamos en una crisis muy profunda y no hay una multiplicidad de opciones y si tenemos uno hay que aprovecharlo\u201d.<\/p>\n\n\n\n<p>Larroque reiter\u00f3: \u201cEl peronismo tiene que volver a mirar a la gente. El problema es que el peronismo y la pol\u00edtica se encerraron sobre s\u00ed mismo. Las disputas internas le dan la espalda a la sociedad. Axel hizo todo lo contrario, recorri\u00f3 toda la provincia, fue por lo menos 5 veces a cada distrito y est\u00e1n en contacto permanente con los bonaerenses\u201d.<\/p>\n\n\n\n<figure class=\"wp-block-embed is-type-wp-embed is-provider-sector-prensa wp-block-embed-sector-prensa\"><div class=\"wp-block-embed__wrapper\">\n<blockquote class=\"wp-embedded-content\" data-secret=\"LWpRfgMqYt\"><a href=\"https:\/\/sectorprensa.com.ar\/?p=69652\">Larroque: \u201cEstamos transitando una tragedia social\u201d<\/a><\/blockquote><iframe loading=\"lazy\" class=\"wp-embedded-content\" sandbox=\"allow-scripts\" security=\"restricted\" style=\"position: absolute; clip: rect(1px, 1px, 1px, 1px);\" title=\"\u00abLarroque: \u201cEstamos transitando una tragedia social\u201d\u00bb \u2014 Sector Prensa\" src=\"https:\/\/sectorprensa.com.ar\/?p=69652&#038;embed=true#?secret=umkuPw937P#?secret=LWpRfgMqYt\" data-secret=\"LWpRfgMqYt\" width=\"600\" height=\"338\" frameborder=\"0\" marginwidth=\"0\" marginheight=\"0\" scrolling=\"no\"><\/iframe>\n<\/div><\/figure>\n","protected":false},"excerpt":{"rendered":"<p>En medio de la crisis social y econ\u00f3mica que atraviesa el pa\u00eds, el ministro de Desarrollo de la Comunidad bonaerense,<\/p>\n","protected":false},"author":6,"featured_media":60042,"comment_status":"closed","ping_status":"closed","sticky":false,"template":"","format":"standard","meta":{"colormag_page_container_layout":"default_layout","colormag_page_sidebar_layout":"default_layout","footnotes":""},"categories":[17,8,18],"tags":[],"class_list":["post-72862","post","type-post","status-publish","format-standard","has-post-thumbnail","hentry","category-destacadas","category-politica","category-provincia"],"_links":{"self":[{"href":"https:\/\/sectorprensa.com.ar\/index.php?rest_route=\/wp\/v2\/posts\/72862","targetHints":{"allow":["GET"]}}],"collection":[{"href":"https:\/\/sectorprensa.com.ar\/index.php?rest_route=\/wp\/v2\/posts"}],"about":[{"href":"https:\/\/sectorprensa.com.ar\/index.php?rest_route=\/wp\/v2\/types\/post"}],"author":[{"embeddable":true,"href":"https:\/\/sectorprensa.com.ar\/index.php?rest_route=\/wp\/v2\/users\/6"}],"replies":[{"embeddable":true,"href":"https:\/\/sectorprensa.com.ar\/index.php?rest_route=%2Fwp%2Fv2%2Fcomments&post=72862"}],"version-history":[{"count":2,"href":"https:\/\/sectorprensa.com.ar\/index.php?rest_route=\/wp\/v2\/posts\/72862\/revisions"}],"predecessor-version":[{"id":72864,"href":"https:\/\/sectorprensa.com.ar\/index.php?rest_route=\/wp\/v2\/posts\/72862\/revisions\/72864"}],"wp:featuredmedia":[{"embeddable":true,"href":"https:\/\/sectorprensa.com.ar\/index.php?rest_route=\/wp\/v2\/media\/60042"}],"wp:attachment":[{"href":"https:\/\/sectorprensa.com.ar\/index.php?rest_route=%2Fwp%2Fv2%2Fmedia&parent=72862"}],"wp:term":[{"taxonomy":"category","embeddable":true,"href":"https:\/\/sectorprensa.com.ar\/index.php?rest_route=%2Fwp%2Fv2%2Fcategories&post=72862"},{"taxonomy":"post_tag","embeddable":true,"href":"https:\/\/sectorprensa.com.ar\/index.php?rest_route=%2Fwp%2Fv2%2Ftags&post=72862"}],"curies":[{"name":"wp","href":"https:\/\/api.w.org\/{rel}","templated":true}]}}