{"id":72887,"date":"2025-05-31T11:26:47","date_gmt":"2025-05-31T14:26:47","guid":{"rendered":"https:\/\/sectorprensa.com.ar\/?p=72887"},"modified":"2025-05-31T11:26:48","modified_gmt":"2025-05-31T14:26:48","slug":"mariel-fernandez-inauguro-la-plaza-buenos-aires-en-la-reja","status":"publish","type":"post","link":"https:\/\/sectorprensa.com.ar\/?p=72887","title":{"rendered":"Mariel Fern\u00e1ndez inaugur\u00f3 la Plaza Buenos Aires en La Reja"},"content":{"rendered":"\n<h6 class=\"wp-block-heading\"><strong>Un antiguo terreno abandonado se transform\u00f3 en un nuevo espacio p\u00fablico para el encuentro de la comunidad, con veredas, juegos, luces, WiFi y c\u00e1maras de seguridad.<\/strong><\/h6>\n\n\n\n<p>La intendenta Mariel Fern\u00e1ndez junto a vecinas y vecinos, inaugur\u00f3 la Plaza Buenos Aires en la localidad de La Reja. El espacio, que anteriormente se encontraba abandonado, fue completamente renovado por el Municipio y hoy se presenta como un lugar seguro, iluminado y equipado para el disfrute de la comunidad.<\/p>\n\n\n\n<p>\u201cLa obra incluy\u00f3 la construcci\u00f3n de veredas, la instalaci\u00f3n de juegos infantiles, mobiliario urbano, m\u00e1stil, luminarias LED, c\u00e1maras de seguridad y conexi\u00f3n de WiFi gratuito, consolidando un entorno accesible y moderno. Esta intervenci\u00f3n forma parte del programa de recuperaci\u00f3n y puesta en valor de los espacios p\u00fablicos que impulsa la gesti\u00f3n local, con m\u00e1s de 70 obras en plazas realizadas desde el 2020\u201d, remarcaron.<\/p>\n\n\n\n<figure class=\"wp-block-embed is-type-rich is-provider-twitter wp-block-embed-twitter\"><div class=\"wp-block-embed__wrapper\">\n<blockquote class=\"twitter-tweet\" data-width=\"550\" data-dnt=\"true\"><p lang=\"es\" dir=\"ltr\">Inauguramos la Plaza Buenos Aires en La Reja! <br><br>Compartimos la alegr\u00eda con las vecinas y los vecinos del barrio que vieron como transformamos lo que era un terreno bald\u00edo en la hermosa plaza que es hoy. <a href=\"https:\/\/t.co\/VXzfz4FtNf\">pic.twitter.com\/VXzfz4FtNf<\/a><\/p>&mdash; Mariel Fern\u00e1ndez (@marielfmoreno1) <a href=\"https:\/\/twitter.com\/marielfmoreno1\/status\/1927794909433459079?ref_src=twsrc%5Etfw\">May 28, 2025<\/a><\/blockquote><script async src=\"https:\/\/platform.twitter.com\/widgets.js\" charset=\"utf-8\"><\/script>\n<\/div><\/figure>\n\n\n\n<p>Durante la actividad, la jefa comunal expres\u00f3: \u201cA pesar de la dif\u00edcil situaci\u00f3n que estamos viviendo en el pa\u00eds, desde el Municipio con mucho esfuerzo seguimos haciendo obras para embellecer nuestros barrios y brindarles mejores condiciones de vida a las y los morenenses\u201d.<\/p>\n\n\n\n<p>Asimismo, los testimonios de los vecinos reflejaron la emoci\u00f3n por la transformaci\u00f3n del lugar. Angie, quien vive a media cuadra de la plaza, coment\u00f3: \u201cLa verdad que estoy muy feliz, muy contenta por el progreso en todo el municipio, no solo ac\u00e1 en La Reja\u201d y continu\u00f3 \u201cYo no tengo nietos, pero la gente que tiene chicos la puede disfrutar. Es un cambio inmenso\u201d.<\/p>\n\n\n\n<figure class=\"wp-block-embed is-type-rich is-provider-twitter wp-block-embed-twitter\"><div class=\"wp-block-embed__wrapper\">\n<blockquote class=\"twitter-tweet\" data-width=\"550\" data-dnt=\"true\"><p lang=\"es\" dir=\"ltr\">A pesar de la dif\u00edcil situaci\u00f3n que estamos viviendo en el pa\u00eds, desde el Municipio con mucho esfuerzo seguimos haciendo obras para embellecer nuestros barrios y brindarles mejores condiciones de vida a las y los morenenses.<br><br>Gracias por el cari\u00f1o! <a href=\"https:\/\/t.co\/WMJvfD61ig\">pic.twitter.com\/WMJvfD61ig<\/a><\/p>&mdash; Mariel Fern\u00e1ndez (@marielfmoreno1) <a href=\"https:\/\/twitter.com\/marielfmoreno1\/status\/1927795016413397082?ref_src=twsrc%5Etfw\">May 28, 2025<\/a><\/blockquote><script async src=\"https:\/\/platform.twitter.com\/widgets.js\" charset=\"utf-8\"><\/script>\n<\/div><\/figure>\n\n\n\n<p>En tanto, Abel C\u00e1rdenas, coment\u00f3: \u201cYo soy vecino desde hace muchos a\u00f1os, y este lugar estuvo abandonado por mucho tiempo. Los vecinos intentamos mantenerlo como pod\u00edamos. Me acuerdo de Don Honorio D\u00edaz, que ya no est\u00e1, pero siempre se preocup\u00f3 por la plaza. Antes era un espacio oscuro, donde incluso romp\u00edan las luminarias para que quede en la marginalidad. Hoy, por suerte, todo eso cambi\u00f3. La plaza fue un anhelo de a\u00f1os\u201d.<\/p>\n\n\n\n<figure class=\"wp-block-embed is-type-wp-embed is-provider-sector-prensa wp-block-embed-sector-prensa\"><div class=\"wp-block-embed__wrapper\">\n<blockquote class=\"wp-embedded-content\" data-secret=\"dcQdTxjvMO\"><a href=\"https:\/\/sectorprensa.com.ar\/?p=72817\">Mariel Fern\u00e1ndez: \u201cEl Municipio est\u00e1 al servicio de la juventud de Moreno\u201d<\/a><\/blockquote><iframe loading=\"lazy\" class=\"wp-embedded-content\" sandbox=\"allow-scripts\" security=\"restricted\" style=\"position: absolute; clip: rect(1px, 1px, 1px, 1px);\" title=\"\u00abMariel Fern\u00e1ndez: \u201cEl Municipio est\u00e1 al servicio de la juventud de Moreno\u201d\u00bb \u2014 Sector Prensa\" src=\"https:\/\/sectorprensa.com.ar\/?p=72817&#038;embed=true#?secret=l8PRimrfY3#?secret=dcQdTxjvMO\" data-secret=\"dcQdTxjvMO\" width=\"600\" height=\"338\" frameborder=\"0\" marginwidth=\"0\" marginheight=\"0\" scrolling=\"no\"><\/iframe>\n<\/div><\/figure>\n","protected":false},"excerpt":{"rendered":"<p>Un antiguo terreno abandonado se transform\u00f3 en un nuevo espacio p\u00fablico para el encuentro de la comunidad, con veredas, juegos,<\/p>\n","protected":false},"author":6,"featured_media":72888,"comment_status":"closed","ping_status":"closed","sticky":false,"template":"","format":"standard","meta":{"colormag_page_container_layout":"default_layout","colormag_page_sidebar_layout":"default_layout","footnotes":""},"categories":[17,2154,1173,8,10],"tags":[],"class_list":["post-72887","post","type-post","status-publish","format-standard","has-post-thumbnail","hentry","category-destacadas","category-moreno","category-municipales","category-politica","category-sociedad"],"_links":{"self":[{"href":"https:\/\/sectorprensa.com.ar\/index.php?rest_route=\/wp\/v2\/posts\/72887","targetHints":{"allow":["GET"]}}],"collection":[{"href":"https:\/\/sectorprensa.com.ar\/index.php?rest_route=\/wp\/v2\/posts"}],"about":[{"href":"https:\/\/sectorprensa.com.ar\/index.php?rest_route=\/wp\/v2\/types\/post"}],"author":[{"embeddable":true,"href":"https:\/\/sectorprensa.com.ar\/index.php?rest_route=\/wp\/v2\/users\/6"}],"replies":[{"embeddable":true,"href":"https:\/\/sectorprensa.com.ar\/index.php?rest_route=%2Fwp%2Fv2%2Fcomments&post=72887"}],"version-history":[{"count":1,"href":"https:\/\/sectorprensa.com.ar\/index.php?rest_route=\/wp\/v2\/posts\/72887\/revisions"}],"predecessor-version":[{"id":72889,"href":"https:\/\/sectorprensa.com.ar\/index.php?rest_route=\/wp\/v2\/posts\/72887\/revisions\/72889"}],"wp:featuredmedia":[{"embeddable":true,"href":"https:\/\/sectorprensa.com.ar\/index.php?rest_route=\/wp\/v2\/media\/72888"}],"wp:attachment":[{"href":"https:\/\/sectorprensa.com.ar\/index.php?rest_route=%2Fwp%2Fv2%2Fmedia&parent=72887"}],"wp:term":[{"taxonomy":"category","embeddable":true,"href":"https:\/\/sectorprensa.com.ar\/index.php?rest_route=%2Fwp%2Fv2%2Fcategories&post=72887"},{"taxonomy":"post_tag","embeddable":true,"href":"https:\/\/sectorprensa.com.ar\/index.php?rest_route=%2Fwp%2Fv2%2Ftags&post=72887"}],"curies":[{"name":"wp","href":"https:\/\/api.w.org\/{rel}","templated":true}]}}