{"id":72907,"date":"2025-05-30T11:16:58","date_gmt":"2025-05-30T14:16:58","guid":{"rendered":"https:\/\/sectorprensa.com.ar\/?p=72907"},"modified":"2025-05-30T11:16:59","modified_gmt":"2025-05-30T14:16:59","slug":"los-aumentos-que-llegan-en-junio","status":"publish","type":"post","link":"https:\/\/sectorprensa.com.ar\/?p=72907","title":{"rendered":"Los aumentos que llegan en junio"},"content":{"rendered":"\n<h6 class=\"wp-block-heading\"><strong>Aumenta las prepagas, el transporte, los colegios privados, los alquileres y las tarifas de agua. Lo que ten\u00e9s que saber.<\/strong><\/h6>\n\n\n\n<p>En el inicio de junio, hay aumentos programados que sumar\u00e1n presi\u00f3n sobre los bolsillos de los argentinos.<\/p>\n\n\n\n<p>As\u00ed, el sexto mes del a\u00f1o estar\u00e1 marcado por alzas de los alquileres, prepagas, boleto de colectivos, subtes y cuotas de colegios, entre otros servicios que sumar\u00e1n al \u00edndice general de precios (IPC) que mide el Indec.<\/p>\n\n\n\n<p><strong>Alquileres<\/strong><\/p>\n\n\n\n<p>Los contratos que a\u00fan se rigen bajo la derogada Ley de Alquileres tendr\u00e1n en mayo un aumento m\u00e1s moderado que los \u00faltimos meses: subir\u00e1n 80,6%.<\/p>\n\n\n\n<p>El \u00edndice de contratos de locaci\u00f3n (ICL) refleja una desaceleraci\u00f3n desde hace varios meses. En mayo, el alza fue de 95,24%; mientras que en abril fue de 116,85%. En marzo el aumento de los alquileres fue de 149,3%, en febrero hab\u00eda sido de 174% y en enero, de 190,69%. En tanto, en diciembre de 2024 el incremento fue de 208,67%, en noviembre de 227,3% y en octubre de 238%.<\/p>\n\n\n\n<p><strong>Prepagas<\/strong><\/p>\n\n\n\n<p>En junio, las empresas de medicina prepaga comunicaron a sus afiliados que los aumentos de las cuotas ser\u00e1n de hasta 2,8%. La suba tambi\u00e9n aplica a los copagos.<\/p>\n\n\n\n<p>Las compa\u00f1\u00edas justifican el alza de los aranceles por el aumento sostenido en los costos del sistema de salud, aunque las actualizaciones se ubican igual o por debajo de la inflaci\u00f3n de abril, que fue del 2,8%.<\/p>\n\n\n\n<p><strong>Boleto de colectivos en PBA<\/strong><\/p>\n\n\n\n<p>Desde el<strong>&nbsp;1\u00b0 de junio&nbsp;<\/strong>viajar en&nbsp;<strong>colectivo<\/strong>&nbsp;en el territorio bonaerense<strong>&nbsp;ser\u00e1 m\u00e1s caro<\/strong>. Las unidades que circulan en el conurbano bonaerense y el Gran La Plata tendr\u00e1n un alza de<strong>&nbsp;4,8%<\/strong>.<\/p>\n\n\n\n<p>A continuaci\u00f3n, los nuevos boletos de los colectivos que pertenecen a las l\u00edneas numeradas del&nbsp;<strong>200&nbsp;<\/strong>en adelante:<\/p>\n\n\n\n<ul class=\"wp-block-list\">\n<li>El\u00a0<strong>boleto m\u00ednimo<\/strong>\u00a0(entre 0 y 3 kil\u00f3metros): de $451,01 a<strong>\u00a0$472,66;<\/strong><\/li>\n\n\n\n<li>Tramo de<strong>\u00a03 a 6 km<\/strong>:<strong>\u00a0$526,56<\/strong>;<\/li>\n\n\n\n<li>Tramo de\u00a0<strong>6 a 12<\/strong>\u00a0kil\u00f3metros:<strong>\u00a0$567,07<\/strong>;<\/li>\n\n\n\n<li>Viajes de<strong>\u00a012 a 27 km: $607,70<\/strong>;<\/li>\n<\/ul>\n\n\n\n<p>A su vez, las<strong>&nbsp;l\u00edneas de colectivos<\/strong>&nbsp;<strong>del AMBA&nbsp;<\/strong>-que dependen de Naci\u00f3n- tendr\u00e1n un nuevo ajuste el&nbsp;<strong>18 de junio<\/strong>. Las tarifas subir\u00e1n<strong>&nbsp;7%<\/strong>.<\/p>\n\n\n\n<ul class=\"wp-block-list\">\n<li>El\u00a0<strong>boleto m\u00ednimo<\/strong>\u00a0(entre 0 y 3 kil\u00f3metros): de $397,11 a<strong>\u00a0$424,91;<\/strong><\/li>\n\n\n\n<li>Tramo de<strong>\u00a03 a 6 km<\/strong>:<strong>\u00a0$473,35<\/strong>;<\/li>\n\n\n\n<li>Tramo de\u00a0<strong>6 a 12<\/strong>\u00a0kil\u00f3metros:<strong>\u00a0$509,81<\/strong>;<\/li>\n\n\n\n<li>Viajes de<strong>\u00a012 a 27 km: $546,31<\/strong>;<\/li>\n<\/ul>\n\n\n\n<p><strong>Tarifas de agua<\/strong><\/p>\n\n\n\n<p>Las boletas de AySA tendr\u00e1n un aumento de 1% en junio para los usuarios del \u00c1rea Metropolitana de Buenos Aires (AMBA). As\u00ed, desde el sexto mes de 2025 las tarifas de agua y cloaca costar\u00e1n $23.428 promedio.<\/p>\n\n\n\n<p><strong>Cuota de colegios<\/strong><\/p>\n\n\n\n<p>Se confirm\u00f3 que las cuotas de los colegios privados con subvenci\u00f3n estatal aumentar\u00e1n hasta un 6,5% en CABA y provincia de Buenos Aires.<\/p>\n\n\n\n<p><strong>Cu\u00e1nto costar\u00e1n las cuotas de los colegios privados bonaerenses en junio 2025<\/strong><\/p>\n\n\n\n<p>Los aranceles de los colegios privados bonaerenses con subvenci\u00f3n estatal quedan de la siguiente manera:<\/p>\n\n\n\n<ul class=\"wp-block-list\">\n<li><strong>Nivel inicial y primario<\/strong>: las cuotas de los establecimientos con el 100% de aporte estatal ser\u00e1n de\u00a0<strong>$34.860<\/strong>\u00a0y\u00a0<strong>$161.257\u00a0<\/strong>para los que tienen el\u00a0<strong>40%\u00a0<\/strong>en junio de 2025.<\/li>\n\n\n\n<li><strong>Secundaria<\/strong>: var\u00edan entre\u00a0<strong>$38.455<\/strong>\u00a0y\u00a0<strong>$209.576<\/strong>, de acuerdo con la subvenci\u00f3n.<\/li>\n\n\n\n<li><strong>Secundaria t\u00e9cnica<\/strong>, agraria y especializadas en arte: las cuotas de junio 2025 ir\u00e1n de $44.292 a\u00a0<strong>$239.878<\/strong>.<\/li>\n<\/ul>\n\n\n\n<figure class=\"wp-block-embed is-type-wp-embed is-provider-sector-prensa wp-block-embed-sector-prensa\"><div class=\"wp-block-embed__wrapper\">\n<blockquote class=\"wp-embedded-content\" data-secret=\"RSRzB7S9i6\"><a href=\"https:\/\/sectorprensa.com.ar\/?p=72902\">Asamblea Discas en Lucha: se realiz\u00f3 una ranchada y radio abierta<\/a><\/blockquote><iframe loading=\"lazy\" class=\"wp-embedded-content\" sandbox=\"allow-scripts\" security=\"restricted\" style=\"position: absolute; clip: rect(1px, 1px, 1px, 1px);\" title=\"\u00abAsamblea Discas en Lucha: se realiz\u00f3 una ranchada y radio abierta\u00bb \u2014 Sector Prensa\" src=\"https:\/\/sectorprensa.com.ar\/?p=72902&#038;embed=true#?secret=6XaR2bBlQd#?secret=RSRzB7S9i6\" data-secret=\"RSRzB7S9i6\" width=\"600\" height=\"338\" frameborder=\"0\" marginwidth=\"0\" marginheight=\"0\" scrolling=\"no\"><\/iframe>\n<\/div><\/figure>\n\n\n\n<p><\/p>\n","protected":false},"excerpt":{"rendered":"<p>Aumenta las prepagas, el transporte, los colegios privados, los alquileres y las tarifas de agua. Lo que ten\u00e9s que saber.<\/p>\n","protected":false},"author":6,"featured_media":54679,"comment_status":"closed","ping_status":"closed","sticky":false,"template":"","format":"standard","meta":{"colormag_page_container_layout":"default_layout","colormag_page_sidebar_layout":"default_layout","footnotes":""},"categories":[17,8,10],"tags":[],"class_list":["post-72907","post","type-post","status-publish","format-standard","has-post-thumbnail","hentry","category-destacadas","category-politica","category-sociedad"],"_links":{"self":[{"href":"https:\/\/sectorprensa.com.ar\/index.php?rest_route=\/wp\/v2\/posts\/72907","targetHints":{"allow":["GET"]}}],"collection":[{"href":"https:\/\/sectorprensa.com.ar\/index.php?rest_route=\/wp\/v2\/posts"}],"about":[{"href":"https:\/\/sectorprensa.com.ar\/index.php?rest_route=\/wp\/v2\/types\/post"}],"author":[{"embeddable":true,"href":"https:\/\/sectorprensa.com.ar\/index.php?rest_route=\/wp\/v2\/users\/6"}],"replies":[{"embeddable":true,"href":"https:\/\/sectorprensa.com.ar\/index.php?rest_route=%2Fwp%2Fv2%2Fcomments&post=72907"}],"version-history":[{"count":1,"href":"https:\/\/sectorprensa.com.ar\/index.php?rest_route=\/wp\/v2\/posts\/72907\/revisions"}],"predecessor-version":[{"id":72908,"href":"https:\/\/sectorprensa.com.ar\/index.php?rest_route=\/wp\/v2\/posts\/72907\/revisions\/72908"}],"wp:featuredmedia":[{"embeddable":true,"href":"https:\/\/sectorprensa.com.ar\/index.php?rest_route=\/wp\/v2\/media\/54679"}],"wp:attachment":[{"href":"https:\/\/sectorprensa.com.ar\/index.php?rest_route=%2Fwp%2Fv2%2Fmedia&parent=72907"}],"wp:term":[{"taxonomy":"category","embeddable":true,"href":"https:\/\/sectorprensa.com.ar\/index.php?rest_route=%2Fwp%2Fv2%2Fcategories&post=72907"},{"taxonomy":"post_tag","embeddable":true,"href":"https:\/\/sectorprensa.com.ar\/index.php?rest_route=%2Fwp%2Fv2%2Ftags&post=72907"}],"curies":[{"name":"wp","href":"https:\/\/api.w.org\/{rel}","templated":true}]}}